{"id":10914,"date":"2026-08-31T12:12:43","date_gmt":"2026-08-31T10:12:43","guid":{"rendered":"https:\/\/unitelaique.org\/?p=10914"},"modified":"2026-08-31T14:41:32","modified_gmt":"2026-08-31T12:41:32","slug":"1-conference-marc-bloch-historien-et-resistant","status":"publish","type":"post","link":"https:\/\/unitelaique.org\/index.php\/2026\/08\/31\/1-conference-marc-bloch-historien-et-resistant\/","title":{"rendered":"#1 Conf\u00e9rence : Marc Bloch, historien et r\u00e9sistant"},"content":{"rendered":"\n<p style=\"font-size:28px\"><strong>Mardi 29 septembre 2026, 18h30  I  Auditorium du Centre du Patrimoine Arm\u00e9nien de Valence<\/strong><\/p>\n\n\n\n<p><em>En partenariat avec le <strong><a href=\"https:\/\/www.le-cpa.com\/agenda\/2026\/marc-bloch-historien-et-resistant\" data-type=\"link\" data-id=\"https:\/\/www.le-cpa.com\/agenda\/2026\/marc-bloch-historien-et-resistant\">Centre du patrimoine arm\u00e9nien<\/a> <\/strong>et la Licra 26. \u00c9v\u00e9nement du cycle \u00ab Remue-m\u00e9moire \u00bb du CPA.<\/em><\/p>\n\n\n\n<div class=\"wp-block-columns is-layout-flex wp-container-core-columns-is-layout-9d6595d7 wp-block-columns-is-layout-flex\">\n<div class=\"wp-block-column is-layout-flow wp-block-column-is-layout-flow\" style=\"flex-basis:66.66%\">\n<p><strong>MARC BLOCH, HISTORIEN ET R\u00c9SISTANT<\/strong><\/p>\n\n\n\n<p>Marc Bloch est entr\u00e9 au Panth\u00e9on le 23 juin 2026, accompagn\u00e9 de son \u00e9pouse Simonne, \u00ab pour son \u0153uvre, son enseignement et son courage \u00bb. Il repose dans le caveau 13 au c\u00f4t\u00e9 de Missak et M\u00e9lin\u00e9e Manouchian et de Jos\u00e9phine Baker, r\u00e9cemment panth\u00e9onis\u00e9s au titre de leur action dans la R\u00e9sistance.<\/p>\n\n\n\n<p>Qui est Marc Bloch, cet homme aux multiples vies&nbsp;? Mobilis\u00e9 \u00e0 28 ans, il fut un combattant h\u00e9ro\u00efque de la premi\u00e8re Guerre mondiale, qui m\u00e9rita quatre citations et re\u00e7ut en 1919 la Croix de guerre, puis la L\u00e9gion d&rsquo;honneur \u00e0 titre militaire. \u00c0 56 ans, il choisit de s\u2019engager dans la R\u00e9sistance et rejoignit le mouvement Franc-Tireur en 1943 \u00e0 Lyon, puis le Comit\u00e9 G\u00e9n\u00e9ral d\u2019\u00c9tudes de la R\u00e9sistance (CGE). Arr\u00eat\u00e9 par la Gestapo le 8 mars 1944, il fut interrog\u00e9, tortur\u00e9 et fusill\u00e9 le 16 juin 1944.<\/p>\n\n\n\n<p>Mais Marc Bloch est aussi un des plus grands historiens fran\u00e7ais. Adepte d\u2019une histoire ouverte aux dimensions sociales, \u00e9conomiques et culturelles, il a significativement renouvel\u00e9 la discipline en cofondant la revue <em>Les Annales<\/em> en 1929. En 1940, les lois antis\u00e9mites du r\u00e9gime de Vichy lui firent perdre son poste \u00e0 la Sorbonne et d\u00e9cid\u00e8rent de sa nouvelle vie d\u2019engagement au service de la France, de l\u2019humanisme et de la libert\u00e9.<\/p>\n\n\n\n<p>C\u2019est la vie exceptionnelle de l\u2019auteur de <em>L\u2019\u00e9trange d\u00e9faite<\/em> que nous retracent St\u00e9phane Nivet, historien sp\u00e9cialiste de la R\u00e9sistance \u00e0 Lyon et auteur de <em>Marc Bloch, derniers instants<\/em> (Kessel media, 2024) et Yann Potin, archiviste-pal\u00e9ographe, historien, auteur avec Florian Mazel de <em>Marc Bloch, l\u2019histoire en R\u00e9sistance<\/em> (Seuil, 2026) et commissaire de l\u2019exposition <em>Marc Bloch, l\u2019esprit de l\u2019Histoire<\/em>, pr\u00e9sent\u00e9e au Panth\u00e9on jusqu\u2019en janvier 2027.<\/p>\n\n\n\n<p>Entr\u00e9e libre et gratuite.<\/p>\n<\/div>\n\n\n\n<div class=\"wp-block-column is-layout-flow wp-block-column-is-layout-flow\" style=\"flex-basis:33.33%\">\n<figure class=\"wp-block-image size-full\"><img loading=\"lazy\" decoding=\"async\" width=\"800\" height=\"1132\" src=\"https:\/\/unitelaique.org\/wp-content\/uploads\/2026\/08\/20250811_potinnivet_V6.png\" alt=\"\" class=\"wp-image-10916\"\/><\/figure>\n<\/div>\n<\/div>\n\n\n\n<!--more-->\n\n\n\n<p><strong>La conf\u00e9rence sera suivie d\u2019une vente-d\u00e9dicace des ouvrages des deux conf\u00e9renciers.<\/strong><br><strong>Une s\u00e9ance avec les scolaires est propos\u00e9e par les deux conf\u00e9renciers le mardi 29 septembre 2026 \u00e0 14h.<\/strong><\/p>\n\n\n\n<p class=\"has-medium-font-size\"><strong>Nos partenaires de la saison<\/strong><\/p>\n\n\n\n<div class=\"wp-block-columns is-layout-flex wp-container-core-columns-is-layout-9d6595d7 wp-block-columns-is-layout-flex\">\n<div class=\"wp-block-column is-layout-flow wp-block-column-is-layout-flow\">\n<div class=\"wp-block-columns is-layout-flex wp-container-core-columns-is-layout-9d6595d7 wp-block-columns-is-layout-flex\">\n<div class=\"wp-block-column is-vertically-aligned-center is-layout-flow wp-block-column-is-layout-flow\"><div class=\"wp-block-image\">\n<figure class=\"aligncenter size-full\"><img loading=\"lazy\" decoding=\"async\" width=\"1284\" height=\"1279\" src=\"https:\/\/unitelaique.org\/wp-content\/uploads\/2026\/08\/lux-logo.png\" alt=\"\" class=\"wp-image-10923\"\/><\/figure>\n<\/div><\/div>\n\n\n\n<div class=\"wp-block-column is-vertically-aligned-center is-layout-flow wp-block-column-is-layout-flow\"><div class=\"wp-block-image\">\n<figure class=\"aligncenter size-full\"><img loading=\"lazy\" decoding=\"async\" width=\"1181\" height=\"1181\" src=\"https:\/\/unitelaique.org\/wp-content\/uploads\/2026\/08\/logo-Latour-Maubourg-black.jpg\" alt=\"\" class=\"wp-image-10924\"\/><\/figure>\n<\/div><\/div>\n\n\n\n<div class=\"wp-block-column is-vertically-aligned-center is-layout-flow wp-block-column-is-layout-flow\"><div class=\"wp-block-image\">\n<figure class=\"aligncenter size-full\"><img loading=\"lazy\" decoding=\"async\" width=\"570\" height=\"350\" src=\"https:\/\/unitelaique.org\/wp-content\/uploads\/2026\/08\/logo-uga.png\" alt=\"\" class=\"wp-image-10925\"\/><\/figure>\n<\/div><\/div>\n<\/div>\n<\/div>\n\n\n\n<div class=\"wp-block-column is-layout-flow wp-block-column-is-layout-flow\">\n<div class=\"wp-block-columns is-layout-flex wp-container-core-columns-is-layout-9d6595d7 wp-block-columns-is-layout-flex\">\n<div class=\"wp-block-column is-vertically-aligned-center is-layout-flow wp-block-column-is-layout-flow\">\n<figure class=\"wp-block-image size-full\"><img loading=\"lazy\" decoding=\"async\" width=\"200\" height=\"200\" src=\"https:\/\/unitelaique.org\/wp-content\/uploads\/2026\/08\/logo-cpa.png\" alt=\"\" class=\"wp-image-10927\"\/><\/figure>\n<\/div>\n\n\n\n<div class=\"wp-block-column is-vertically-aligned-center is-layout-flow wp-block-column-is-layout-flow\">\n<figure class=\"wp-block-image size-full\"><img loading=\"lazy\" decoding=\"async\" width=\"686\" height=\"678\" src=\"https:\/\/unitelaique.org\/wp-content\/uploads\/2026\/08\/LOGO-Philophile-17-03.png\" alt=\"\" class=\"wp-image-10928\"\/><\/figure>\n<\/div>\n\n\n\n<div class=\"wp-block-column is-vertically-aligned-center is-layout-flow wp-block-column-is-layout-flow\">\n<figure class=\"wp-block-image size-full\"><img loading=\"lazy\" decoding=\"async\" width=\"1856\" height=\"1772\" src=\"https:\/\/unitelaique.org\/wp-content\/uploads\/2026\/08\/logo-valence-romans-agglo-black.jpg\" alt=\"\" class=\"wp-image-10929\"\/><\/figure>\n<\/div>\n<\/div>\n<\/div>\n\n\n\n<div class=\"wp-block-column is-layout-flow wp-block-column-is-layout-flow\">\n<div class=\"wp-block-columns is-layout-flex wp-container-core-columns-is-layout-9d6595d7 wp-block-columns-is-layout-flex\">\n<div class=\"wp-block-column is-vertically-aligned-center is-layout-flow wp-block-column-is-layout-flow\">\n<figure class=\"wp-block-image size-full\"><img loading=\"lazy\" decoding=\"async\" width=\"602\" height=\"600\" src=\"https:\/\/unitelaique.org\/wp-content\/uploads\/2026\/08\/logo-ville-de-valence.png\" alt=\"\" class=\"wp-image-10930\"\/><\/figure>\n<\/div>\n\n\n\n<div class=\"wp-block-column is-vertically-aligned-center is-layout-flow wp-block-column-is-layout-flow\">\n<figure class=\"wp-block-image size-full\"><img loading=\"lazy\" decoding=\"async\" width=\"1398\" height=\"1125\" src=\"https:\/\/unitelaique.org\/wp-content\/uploads\/2026\/08\/logo-barreau-de-la-drome.png\" alt=\"\" class=\"wp-image-10931\"\/><\/figure>\n<\/div>\n\n\n\n<div class=\"wp-block-column is-vertically-aligned-center is-layout-flow wp-block-column-is-layout-flow\">\n<figure class=\"wp-block-image size-full\"><img loading=\"lazy\" decoding=\"async\" width=\"1254\" height=\"1254\" src=\"https:\/\/unitelaique.org\/wp-content\/uploads\/2026\/08\/logo-licra-drome.png\" alt=\"\" class=\"wp-image-10932\"\/><\/figure>\n<\/div>\n<\/div>\n<\/div>\n<\/div>\n","protected":false},"excerpt":{"rendered":"<p>Mardi 29 septembre 2026, 18h30 I Auditorium du Centre du Patrimoine Arm\u00e9nien de Valence En partenariat avec le Centre du patrimoine arm\u00e9nien et la Licra 26. \u00c9v\u00e9nement du cycle \u00ab Remue-m\u00e9moire \u00bb du CPA. MARC BLOCH, HISTORIEN ET R\u00c9SISTANT Marc Bloch est entr\u00e9 au Panth\u00e9on le 23 juin 2026, accompagn\u00e9 de son \u00e9pouse Simonne, \u00ab [&hellip;]<\/p>\n","protected":false},"author":7,"featured_media":0,"comment_status":"closed","ping_status":"","sticky":false,"template":"","format":"standard","meta":{"footnotes":""},"categories":[8],"tags":[],"class_list":["post-10914","post","type-post","status-publish","format-standard","hentry","category-defaut"],"_links":{"self":[{"href":"https:\/\/unitelaique.org\/index.php\/wp-json\/wp\/v2\/posts\/10914","targetHints":{"allow":["GET"]}}],"collection":[{"href":"https:\/\/unitelaique.org\/index.php\/wp-json\/wp\/v2\/posts"}],"about":[{"href":"https:\/\/unitelaique.org\/index.php\/wp-json\/wp\/v2\/types\/post"}],"author":[{"embeddable":true,"href":"https:\/\/unitelaique.org\/index.php\/wp-json\/wp\/v2\/users\/7"}],"replies":[{"embeddable":true,"href":"https:\/\/unitelaique.org\/index.php\/wp-json\/wp\/v2\/comments?post=10914"}],"version-history":[{"count":10,"href":"https:\/\/unitelaique.org\/index.php\/wp-json\/wp\/v2\/posts\/10914\/revisions"}],"predecessor-version":[{"id":10936,"href":"https:\/\/unitelaique.org\/index.php\/wp-json\/wp\/v2\/posts\/10914\/revisions\/10936"}],"wp:attachment":[{"href":"https:\/\/unitelaique.org\/index.php\/wp-json\/wp\/v2\/media?parent=10914"}],"wp:term":[{"taxonomy":"category","embeddable":true,"href":"https:\/\/unitelaique.org\/index.php\/wp-json\/wp\/v2\/categories?post=10914"},{"taxonomy":"post_tag","embeddable":true,"href":"https:\/\/unitelaique.org\/index.php\/wp-json\/wp\/v2\/tags?post=10914"}],"curies":[{"name":"wp","href":"https:\/\/api.w.org\/{rel}","templated":true}]}}