{"id":10938,"date":"2026-08-31T14:47:57","date_gmt":"2026-08-31T12:47:57","guid":{"rendered":"https:\/\/unitelaique.org\/?p=10938"},"modified":"2026-08-31T14:47:57","modified_gmt":"2026-08-31T12:47:57","slug":"2-theatre-manouchian-cet-apres-midi-a-15-heures","status":"publish","type":"post","link":"https:\/\/unitelaique.org\/index.php\/2026\/08\/31\/2-theatre-manouchian-cet-apres-midi-a-15-heures\/","title":{"rendered":"#2 Th\u00e9\u00e2tre : Manouchian. Cet apr\u00e8s-midi \u00e0 15 heures."},"content":{"rendered":"\n<p style=\"font-size:28px\"><strong>Vendredi 16 octobre 2026, 20h30 I Th\u00e9\u00e2tre de la Ville de Valence<\/strong><\/p>\n\n\n\n<p><em>Unit\u00e9 la\u00efque se r\u00e9jouit d\u2019\u00eatre partenaire du Th\u00e9\u00e2tre de la Ville et du Centre du patrimoine arm\u00e9nien pour cet \u00e9v\u00e9nement qui remet Missak Manouchian, M\u00e9lin\u00e9e et leurs compagnons de l\u2019Affiche rouge dans l\u2019actualit\u00e9, deux ans et demi apr\u00e8s leur entr\u00e9e au Panth\u00e9on. Unit\u00e9 la\u00efque avait lanc\u00e9 cette initiative en mai 2021 et est fi\u00e8re de l\u2019avoir port\u00e9e sans faillir jusqu\u2019\u00e0 son aboutissement le 21 f\u00e9vrier 2024 <a href=\"https:\/\/manouchian-au-pantheon.org\/\">https:\/\/manouchian-au-pantheon.org\/<\/a>.<\/em><\/p>\n\n\n\n<div class=\"wp-block-columns is-layout-flex wp-container-core-columns-is-layout-9d6595d7 wp-block-columns-is-layout-flex\">\n<div class=\"wp-block-column is-layout-flow wp-block-column-is-layout-flow\" style=\"flex-basis:66.66%\">\n<p><strong>MANOUCHIAN. CET APR\u00c8S-MIDI \u00c0 15 HEURES,<\/strong> une pi\u00e8ce de Chochana Boukhobza, mise en sc\u00e8ne de Sat\u00e9 Khachatryan et interpr\u00e9t\u00e9e par la Compagnie Sat\u00e9-\u00c2tre<\/p>\n\n\n\n<p><strong>Face \u00e0 face avec l\u2019Histoire<\/strong><\/p>\n\n\n\n<p><em>\u201cMa ch\u00e8re M\u00e9lin\u00e9e\u2026 Dans quelques heures, je ne serai plus de ce monde.\u201d <\/em>Ces mots de Missak Manouchian ouvrent un spectacle bouleversant qui plonge le public au c\u0153ur des interrogatoires men\u00e9s par la Brigade Sp\u00e9ciale. Sur sc\u00e8ne, Missak Manouchian, Marcel Rayman, Joseph Davidowicz, Spartaco Fontano et Olga Bancic \u2013 seule femme du groupe \u2013 font face \u00e0 deux policiers fran\u00e7ais. Entre la salle d\u2019interrogatoire et la cellule, leurs r\u00e9cits se d\u00e9voilent. \u00c0 travers eux, c\u2019est toute l\u2019histoire du groupe Manouchian qui ressurgit, avec ses actes h\u00e9ro\u00efques, ses sacrifices et son humanit\u00e9. Un spectacle qui fait r\u00e9sonner la m\u00e9moire de la R\u00e9sistance avec une intensit\u00e9 rare.<\/p>\n\n\n\n<p><strong>Comprendre, transmettre et ne jamais oublier<\/strong><\/p>\n\n\n\n<p>Pens\u00e9 comme un spectacle qui transmet, <em>Manouchian, cet apr\u00e8s\u2011midi \u00e0<\/em> <em>15h<\/em> s\u2019adresse autant aux adultes qu\u2019aux jeunes g\u00e9n\u00e9rations. Il interroge notre rapport \u00e0 la libert\u00e9, \u00e0 la justice et \u00e0 l\u2019engagement, rappelant combien ces combats restent actuels.<\/p>\n\n\n\n<p>Public\u00a0: A partir de 12 ans.<br>Dur\u00e9e\u00a0: 1h35<br>Tarifs\u00a0: 5 \u00e0 25 \u20ac<\/p>\n\n\n\n<p class=\"has-medium-font-size\"><strong>R\u00e9servation sur le site du Th\u00e9\u00e2tre de la Ville<\/strong> <a href=\"https:\/\/theatre.valence.fr\/evenements\/manouchian-cet-apres-midi-a-15h-2\/\" data-type=\"link\" data-id=\"https:\/\/theatre.valence.fr\/evenements\/manouchian-cet-apres-midi-a-15h-2\/\"><strong>&lt;R\u00e9servation><\/strong><\/a><\/p>\n<\/div>\n\n\n\n<div class=\"wp-block-column is-layout-flow wp-block-column-is-layout-flow\" style=\"flex-basis:33.33%\">\n<figure class=\"wp-block-image size-full\"><img loading=\"lazy\" decoding=\"async\" width=\"1000\" height=\"1415\" src=\"https:\/\/unitelaique.org\/wp-content\/uploads\/2026\/08\/20250803_manouchienvalence2026_V2.png\" alt=\"\" class=\"wp-image-10937\"\/><\/figure>\n<\/div>\n<\/div>\n","protected":false},"excerpt":{"rendered":"<p>Vendredi 16 octobre 2026, 20h30 I Th\u00e9\u00e2tre de la Ville de Valence Unit\u00e9 la\u00efque se r\u00e9jouit d\u2019\u00eatre partenaire du Th\u00e9\u00e2tre de la Ville et du Centre du patrimoine arm\u00e9nien pour cet \u00e9v\u00e9nement qui remet Missak Manouchian, M\u00e9lin\u00e9e et leurs compagnons de l\u2019Affiche rouge dans l\u2019actualit\u00e9, deux ans et demi apr\u00e8s leur entr\u00e9e au Panth\u00e9on. Unit\u00e9 [&hellip;]<\/p>\n","protected":false},"author":7,"featured_media":0,"comment_status":"closed","ping_status":"","sticky":false,"template":"","format":"standard","meta":{"footnotes":""},"categories":[8],"tags":[],"class_list":["post-10938","post","type-post","status-publish","format-standard","hentry","category-defaut"],"_links":{"self":[{"href":"https:\/\/unitelaique.org\/index.php\/wp-json\/wp\/v2\/posts\/10938","targetHints":{"allow":["GET"]}}],"collection":[{"href":"https:\/\/unitelaique.org\/index.php\/wp-json\/wp\/v2\/posts"}],"about":[{"href":"https:\/\/unitelaique.org\/index.php\/wp-json\/wp\/v2\/types\/post"}],"author":[{"embeddable":true,"href":"https:\/\/unitelaique.org\/index.php\/wp-json\/wp\/v2\/users\/7"}],"replies":[{"embeddable":true,"href":"https:\/\/unitelaique.org\/index.php\/wp-json\/wp\/v2\/comments?post=10938"}],"version-history":[{"count":2,"href":"https:\/\/unitelaique.org\/index.php\/wp-json\/wp\/v2\/posts\/10938\/revisions"}],"predecessor-version":[{"id":10940,"href":"https:\/\/unitelaique.org\/index.php\/wp-json\/wp\/v2\/posts\/10938\/revisions\/10940"}],"wp:attachment":[{"href":"https:\/\/unitelaique.org\/index.php\/wp-json\/wp\/v2\/media?parent=10938"}],"wp:term":[{"taxonomy":"category","embeddable":true,"href":"https:\/\/unitelaique.org\/index.php\/wp-json\/wp\/v2\/categories?post=10938"},{"taxonomy":"post_tag","embeddable":true,"href":"https:\/\/unitelaique.org\/index.php\/wp-json\/wp\/v2\/tags?post=10938"}],"curies":[{"name":"wp","href":"https:\/\/api.w.org\/{rel}","templated":true}]}}