{"id":10941,"date":"2026-08-31T14:53:54","date_gmt":"2026-08-31T12:53:54","guid":{"rendered":"https:\/\/unitelaique.org\/?p=10941"},"modified":"2026-08-31T14:54:19","modified_gmt":"2026-08-31T12:54:19","slug":"3-conference-lumieres-et-anti-lumieres-en-iran-un-siecle-de-luttes-politiques","status":"publish","type":"post","link":"https:\/\/unitelaique.org\/index.php\/2026\/08\/31\/3-conference-lumieres-et-anti-lumieres-en-iran-un-siecle-de-luttes-politiques\/","title":{"rendered":"#3 Conf\u00e9rence : Lumi\u00e8res et anti-lumi\u00e8res en Iran. Un si\u00e8cle de luttes politiques."},"content":{"rendered":"\n<p style=\"font-size:28px\"><strong>Samedi 24 octobre 2026 I Palais des congr\u00e8s et des expositions Jacques Chirac de Valence<\/strong><\/p>\n\n\n\n<p><em>Dans le cadre des conf\u00e9rences organis\u00e9es pendant les deux jours de la 3<sup>\u00e8me<\/sup> \u00e9dition du Salon du livre de Valence, Unit\u00e9 la\u00efque invite la philosophe St\u00e9phanie Roza \u00e0 parler de son dernier livre <strong>LUMI\u00c8RES ET ANTI-LUMI\u00c8RES EN IRAN. UN SI\u00c8CLE DE LUTTES POLITIQUES <\/strong>(PUF, 2026).<\/em><\/p>\n\n\n\n<div class=\"wp-block-columns is-layout-flex wp-container-core-columns-is-layout-9d6595d7 wp-block-columns-is-layout-flex\">\n<div class=\"wp-block-column is-layout-flow wp-block-column-is-layout-flow\" style=\"flex-basis:66.66%\">\n<p>L\u2019Iran est le premier pays du monde musulman \u00e0 avoir connu une r\u00e9volution constitutionnaliste au d\u00e9but du XXe&nbsp;si\u00e8cle, inaugurant l\u2019entr\u00e9e du pays dans la modernit\u00e9 politique. Mais il est \u00e9galement le premier de ces pays \u00e0 avoir connu une r\u00e9volution islamique, ayant conduit en 1979 \u00e0 l\u2019av\u00e8nement d\u2019une dictature th\u00e9ocratique toujours en place aujourd\u2019hui. Comment expliquer cette trajectoire singuli\u00e8re&nbsp;? Doit-on l\u2019analyser \u00e0 l\u2019aide de concepts sp\u00e9cifiques, ou bien les logiques politiques \u00e0 l\u2019\u0153uvre en Iran sont-elles similaires \u00e0 celles qui ont cours dans le reste du monde&nbsp;? St\u00e9phanie Roza prend le parti d\u2019une grille de lecture universaliste des id\u00e9es et des \u00e9v\u00e9nements, qui fait des Iraniens des modernes comme les autres. Elle explore les raisons de la victoire \u2013&nbsp;provisoire&nbsp;\u2013 des mollahs, en d\u00e9cryptant l\u2019histoire des luttes politiques iraniennes aux XXe et XXIe&nbsp;si\u00e8cles au prisme d\u2019un affrontement entre h\u00e9ritiers et ennemis des Lumi\u00e8res \u2013&nbsp;un affrontement toujours en cours, et dans lequel l\u2019antis\u00e9mitisme, pilier de l\u2019id\u00e9ologie des islamistes, tient une place de premier plan.<\/p>\n\n\n\n<p>St\u00e9phanie Roza est une universitaire sp\u00e9cialiste des id\u00e9es des Lumi\u00e8res et de la R\u00e9volution fran\u00e7aise et de leur h\u00e9ritage jusqu\u2019au monde contemporain. Elle est charg\u00e9e de recherche au CNRS. Elle est l\u2019auteur pr\u00e9c\u00e9demment de <em>La gauche contre les Lumi\u00e8res<\/em> (Fayard, 2020) et de <em>Marx contre les Gafam<\/em> (PUF, 2024).<\/p>\n\n\n\n<p>Pr\u00e9sente pendant les deux jours du Salon du livre 2026, elle d\u00e9dicacera son dernier ouvrage.<\/p>\n\n\n\n<p>St\u00e9phanie Roza a d\u00e9j\u00e0 rencontr\u00e9 le public valentinois le jeudi 6 novembre 2025 \u00e0 l\u2019auditorium du Conseil d\u00e9partemental pour une conf\u00e9rence organis\u00e9e par Unit\u00e9 la\u00efque et Les Philophiles sur le th\u00e8me <em>\u00ab\u00a0Que reste-t-il de l\u2019esprit des Lumi\u00e8res\u00a0?<\/em>\u00a0\u00bb Revivez la soir\u00e9e qui fit salle comble sur le site d\u2019Unit\u00e9 la\u00efque\u00a0<a href=\"https:\/\/unitelaique.org\/index.php\/2025\/12\/22\/stephanie-roza-120-ans-demancipation-i-journal\/\" data-type=\"link\" data-id=\"https:\/\/unitelaique.org\/index.php\/2025\/12\/22\/stephanie-roza-120-ans-demancipation-i-journal\/\"><strong>&lt;ICI><\/strong><\/a><\/p>\n\n\n\n<p>Entr\u00e9e libre et gratuite<\/p>\n<\/div>\n\n\n\n<div class=\"wp-block-column is-layout-flow wp-block-column-is-layout-flow\" style=\"flex-basis:33.33%\">\n<figure class=\"wp-block-image size-full\"><img loading=\"lazy\" decoding=\"async\" width=\"1000\" height=\"1415\" src=\"https:\/\/unitelaique.org\/wp-content\/uploads\/2026\/08\/20250811_stephanie-roza-valence_V6.png\" alt=\"\" class=\"wp-image-10942\"\/><\/figure>\n<\/div>\n<\/div>\n\n\n\n<!--more-->\n\n\n\n<p class=\"has-medium-font-size\"><strong>Nos partenaires de la saison<\/strong><\/p>\n\n\n\n<div class=\"wp-block-columns is-layout-flex wp-container-core-columns-is-layout-9d6595d7 wp-block-columns-is-layout-flex\">\n<div class=\"wp-block-column is-layout-flow wp-block-column-is-layout-flow\">\n<div class=\"wp-block-columns is-layout-flex wp-container-core-columns-is-layout-9d6595d7 wp-block-columns-is-layout-flex\">\n<div class=\"wp-block-column is-vertically-aligned-center is-layout-flow wp-block-column-is-layout-flow\"><div class=\"wp-block-image\">\n<figure class=\"aligncenter size-full\"><img loading=\"lazy\" decoding=\"async\" width=\"1284\" height=\"1279\" src=\"https:\/\/unitelaique.org\/wp-content\/uploads\/2026\/08\/lux-logo.png\" alt=\"\" class=\"wp-image-10923\"\/><\/figure>\n<\/div><\/div>\n\n\n\n<div class=\"wp-block-column is-vertically-aligned-center is-layout-flow wp-block-column-is-layout-flow\"><div class=\"wp-block-image\">\n<figure class=\"aligncenter size-full\"><img loading=\"lazy\" decoding=\"async\" width=\"1181\" height=\"1181\" src=\"https:\/\/unitelaique.org\/wp-content\/uploads\/2026\/08\/logo-Latour-Maubourg-black.jpg\" alt=\"\" class=\"wp-image-10924\"\/><\/figure>\n<\/div><\/div>\n\n\n\n<div class=\"wp-block-column is-vertically-aligned-center is-layout-flow wp-block-column-is-layout-flow\"><div class=\"wp-block-image\">\n<figure class=\"aligncenter size-full\"><img loading=\"lazy\" decoding=\"async\" width=\"570\" height=\"350\" src=\"https:\/\/unitelaique.org\/wp-content\/uploads\/2026\/08\/logo-uga.png\" alt=\"\" class=\"wp-image-10925\"\/><\/figure>\n<\/div><\/div>\n<\/div>\n<\/div>\n\n\n\n<div class=\"wp-block-column is-layout-flow wp-block-column-is-layout-flow\">\n<div class=\"wp-block-columns is-layout-flex wp-container-core-columns-is-layout-9d6595d7 wp-block-columns-is-layout-flex\">\n<div class=\"wp-block-column is-vertically-aligned-center is-layout-flow wp-block-column-is-layout-flow\">\n<figure class=\"wp-block-image size-full\"><img loading=\"lazy\" decoding=\"async\" width=\"200\" height=\"200\" src=\"https:\/\/unitelaique.org\/wp-content\/uploads\/2026\/08\/logo-cpa.png\" alt=\"\" class=\"wp-image-10927\"\/><\/figure>\n<\/div>\n\n\n\n<div class=\"wp-block-column is-vertically-aligned-center is-layout-flow wp-block-column-is-layout-flow\">\n<figure class=\"wp-block-image size-full\"><img loading=\"lazy\" decoding=\"async\" width=\"686\" height=\"678\" src=\"https:\/\/unitelaique.org\/wp-content\/uploads\/2026\/08\/LOGO-Philophile-17-03.png\" alt=\"\" class=\"wp-image-10928\"\/><\/figure>\n<\/div>\n\n\n\n<div class=\"wp-block-column is-vertically-aligned-center is-layout-flow wp-block-column-is-layout-flow\">\n<figure class=\"wp-block-image size-full\"><img loading=\"lazy\" decoding=\"async\" width=\"1856\" height=\"1772\" src=\"https:\/\/unitelaique.org\/wp-content\/uploads\/2026\/08\/logo-valence-romans-agglo-black.jpg\" alt=\"\" class=\"wp-image-10929\"\/><\/figure>\n<\/div>\n<\/div>\n<\/div>\n\n\n\n<div class=\"wp-block-column is-layout-flow wp-block-column-is-layout-flow\">\n<div class=\"wp-block-columns is-layout-flex wp-container-core-columns-is-layout-9d6595d7 wp-block-columns-is-layout-flex\">\n<div class=\"wp-block-column is-vertically-aligned-center is-layout-flow wp-block-column-is-layout-flow\">\n<figure class=\"wp-block-image size-full\"><img loading=\"lazy\" decoding=\"async\" width=\"602\" height=\"600\" src=\"https:\/\/unitelaique.org\/wp-content\/uploads\/2026\/08\/logo-ville-de-valence.png\" alt=\"\" class=\"wp-image-10930\"\/><\/figure>\n<\/div>\n\n\n\n<div class=\"wp-block-column is-vertically-aligned-center is-layout-flow wp-block-column-is-layout-flow\">\n<figure class=\"wp-block-image size-full\"><img loading=\"lazy\" decoding=\"async\" width=\"1398\" height=\"1125\" src=\"https:\/\/unitelaique.org\/wp-content\/uploads\/2026\/08\/logo-barreau-de-la-drome.png\" alt=\"\" class=\"wp-image-10931\"\/><\/figure>\n<\/div>\n\n\n\n<div class=\"wp-block-column is-vertically-aligned-center is-layout-flow wp-block-column-is-layout-flow\">\n<figure class=\"wp-block-image size-full\"><img loading=\"lazy\" decoding=\"async\" width=\"1254\" height=\"1254\" src=\"https:\/\/unitelaique.org\/wp-content\/uploads\/2026\/08\/logo-licra-drome.png\" alt=\"\" class=\"wp-image-10932\"\/><\/figure>\n<\/div>\n<\/div>\n<\/div>\n<\/div>\n","protected":false},"excerpt":{"rendered":"<p>Samedi 24 octobre 2026 I Palais des congr\u00e8s et des expositions Jacques Chirac de Valence Dans le cadre des conf\u00e9rences organis\u00e9es pendant les deux jours de la 3\u00e8me \u00e9dition du Salon du livre de Valence, Unit\u00e9 la\u00efque invite la philosophe St\u00e9phanie Roza \u00e0 parler de son dernier livre LUMI\u00c8RES ET ANTI-LUMI\u00c8RES EN IRAN. UN SI\u00c8CLE [&hellip;]<\/p>\n","protected":false},"author":7,"featured_media":0,"comment_status":"closed","ping_status":"","sticky":false,"template":"","format":"standard","meta":{"footnotes":""},"categories":[8],"tags":[],"class_list":["post-10941","post","type-post","status-publish","format-standard","hentry","category-defaut"],"_links":{"self":[{"href":"https:\/\/unitelaique.org\/index.php\/wp-json\/wp\/v2\/posts\/10941","targetHints":{"allow":["GET"]}}],"collection":[{"href":"https:\/\/unitelaique.org\/index.php\/wp-json\/wp\/v2\/posts"}],"about":[{"href":"https:\/\/unitelaique.org\/index.php\/wp-json\/wp\/v2\/types\/post"}],"author":[{"embeddable":true,"href":"https:\/\/unitelaique.org\/index.php\/wp-json\/wp\/v2\/users\/7"}],"replies":[{"embeddable":true,"href":"https:\/\/unitelaique.org\/index.php\/wp-json\/wp\/v2\/comments?post=10941"}],"version-history":[{"count":2,"href":"https:\/\/unitelaique.org\/index.php\/wp-json\/wp\/v2\/posts\/10941\/revisions"}],"predecessor-version":[{"id":10944,"href":"https:\/\/unitelaique.org\/index.php\/wp-json\/wp\/v2\/posts\/10941\/revisions\/10944"}],"wp:attachment":[{"href":"https:\/\/unitelaique.org\/index.php\/wp-json\/wp\/v2\/media?parent=10941"}],"wp:term":[{"taxonomy":"category","embeddable":true,"href":"https:\/\/unitelaique.org\/index.php\/wp-json\/wp\/v2\/categories?post=10941"},{"taxonomy":"post_tag","embeddable":true,"href":"https:\/\/unitelaique.org\/index.php\/wp-json\/wp\/v2\/tags?post=10941"}],"curies":[{"name":"wp","href":"https:\/\/api.w.org\/{rel}","templated":true}]}}