{"id":10945,"date":"2026-08-31T14:59:36","date_gmt":"2026-08-31T12:59:36","guid":{"rendered":"https:\/\/unitelaique.org\/?p=10945"},"modified":"2026-08-31T14:59:36","modified_gmt":"2026-08-31T12:59:36","slug":"5-conference-recit-republicain-ou-roman-national-reflexions-sur-lhistoire-de-la-republique","status":"publish","type":"post","link":"https:\/\/unitelaique.org\/index.php\/2026\/08\/31\/5-conference-recit-republicain-ou-roman-national-reflexions-sur-lhistoire-de-la-republique\/","title":{"rendered":"#5 Conf\u00e9rence : R\u00e9cit r\u00e9publicain ou roman national? R\u00e9flexions sur l&rsquo;histoire de la R\u00e9publique."},"content":{"rendered":"\n<p style=\"font-size:28px\"><strong>Mardi 17 novembre 2026, 9h00 I Espace Latour-Maubourg de Valence<\/strong><\/p>\n\n\n\n<p><em>En partenariat avec la m\u00e9diath\u00e8que Fran\u00e7ois Mitterrand \u2013 Espace Latour-Maubourg.<\/em><\/p>\n\n\n\n<div class=\"wp-block-columns is-layout-flex wp-container-core-columns-is-layout-9d6595d7 wp-block-columns-is-layout-flex\">\n<div class=\"wp-block-column is-layout-flow wp-block-column-is-layout-flow\" style=\"flex-basis:66.66%\">\n<p><strong>R\u00c9CIT R\u00c9PUBLICAIN OU ROMAN NATIONAL ? R\u00c9FLEXIONS SUR L\u2019HISTOIRE DE LA R\u00c9PUBLIQUE.<\/strong><\/p>\n\n\n\n<p>Le \u00ab&nbsp;roman national&nbsp;\u00bb est brandi par certains comme une n\u00e9cessit\u00e9 ou bien au contraire un \u00e9pouvantail. Peu se posent finalement la question de ce que pourrait \u00eatre un r\u00e9cit r\u00e9publicain tenant compte des acquis du pass\u00e9 sans \u00eatre ferm\u00e9 aux r\u00e9alit\u00e9s contemporaines. Face aux \u00e9cueils identitaires et racialistes, penser et \u00e9crire un r\u00e9cit r\u00e9publicain est possible, dans l&rsquo;esprit du projet intellectuel et politique de Jean Jaur\u00e8s. Jean-Numa Ducange, professeur d\u2019histoire contemporaine \u00e0 l\u2019Universit\u00e9 de Rouen Normandie, posera quelques jalons et proposera des \u00e9l\u00e9ments de r\u00e9flexion.<\/p>\n\n\n\n<p>Auteur de nombreux ouvrages sur l\u2019h\u00e9ritage de la R\u00e9volution fran\u00e7aise et l\u2019histoire des gauches, il a \u00e9crit notamment en 2021 <em>Quand la gauche pensait la nation<\/em> (Fayard).&nbsp; En 2024, il a consacr\u00e9 un livre \u00e0 <em>Jean Jaur\u00e8s<\/em> (Perrin), r\u00e9compens\u00e9 par le Grand prix de la biographie historique de l&rsquo;Acad\u00e9mie fran\u00e7aise et a publi\u00e9 en 2026 un <em>Que sais-je&nbsp;?<\/em> sur <em>Le socialisme<\/em> (PUF). Depuis 2021, il dirige la collection <em>Questions r\u00e9publicaines <\/em>aux Presses Universitaires de France.<\/p>\n\n\n\n<p><strong>La conf\u00e9rence sera suivie d\u2019une vente-d\u00e9dicace des ouvrages du conf\u00e9rencier.<\/strong><br><strong>Ouverture des inscriptions \u00e0 venir.<\/strong><\/p>\n<\/div>\n\n\n\n<div class=\"wp-block-column is-layout-flow wp-block-column-is-layout-flow\" style=\"flex-basis:33.33%\">\n<figure class=\"wp-block-image size-full\"><img loading=\"lazy\" decoding=\"async\" width=\"1000\" height=\"1415\" src=\"https:\/\/unitelaique.org\/wp-content\/uploads\/2026\/08\/20250811_jean-numa-ducangevalence2026_V4.png\" alt=\"\" class=\"wp-image-10946\"\/><\/figure>\n<\/div>\n<\/div>\n\n\n\n<!--more-->\n\n\n\n<p class=\"has-medium-font-size\"><strong>Nos partenaires de la saison<\/strong><\/p>\n\n\n\n<div class=\"wp-block-columns is-layout-flex wp-container-core-columns-is-layout-9d6595d7 wp-block-columns-is-layout-flex\">\n<div class=\"wp-block-column is-layout-flow wp-block-column-is-layout-flow\">\n<div class=\"wp-block-columns is-layout-flex wp-container-core-columns-is-layout-9d6595d7 wp-block-columns-is-layout-flex\">\n<div class=\"wp-block-column is-vertically-aligned-center is-layout-flow wp-block-column-is-layout-flow\"><div class=\"wp-block-image\">\n<figure class=\"aligncenter size-full\"><img loading=\"lazy\" decoding=\"async\" width=\"1284\" height=\"1279\" src=\"https:\/\/unitelaique.org\/wp-content\/uploads\/2026\/08\/lux-logo.png\" alt=\"\" class=\"wp-image-10923\"\/><\/figure>\n<\/div><\/div>\n\n\n\n<div class=\"wp-block-column is-vertically-aligned-center is-layout-flow wp-block-column-is-layout-flow\"><div class=\"wp-block-image\">\n<figure class=\"aligncenter size-full\"><img loading=\"lazy\" decoding=\"async\" width=\"1181\" height=\"1181\" src=\"https:\/\/unitelaique.org\/wp-content\/uploads\/2026\/08\/logo-Latour-Maubourg-black.jpg\" alt=\"\" class=\"wp-image-10924\"\/><\/figure>\n<\/div><\/div>\n\n\n\n<div class=\"wp-block-column is-vertically-aligned-center is-layout-flow wp-block-column-is-layout-flow\"><div class=\"wp-block-image\">\n<figure class=\"aligncenter size-full\"><img loading=\"lazy\" decoding=\"async\" width=\"570\" height=\"350\" src=\"https:\/\/unitelaique.org\/wp-content\/uploads\/2026\/08\/logo-uga.png\" alt=\"\" class=\"wp-image-10925\"\/><\/figure>\n<\/div><\/div>\n<\/div>\n<\/div>\n\n\n\n<div class=\"wp-block-column is-layout-flow wp-block-column-is-layout-flow\">\n<div class=\"wp-block-columns is-layout-flex wp-container-core-columns-is-layout-9d6595d7 wp-block-columns-is-layout-flex\">\n<div class=\"wp-block-column is-vertically-aligned-center is-layout-flow wp-block-column-is-layout-flow\">\n<figure class=\"wp-block-image size-full\"><img loading=\"lazy\" decoding=\"async\" width=\"200\" height=\"200\" src=\"https:\/\/unitelaique.org\/wp-content\/uploads\/2026\/08\/logo-cpa.png\" alt=\"\" class=\"wp-image-10927\"\/><\/figure>\n<\/div>\n\n\n\n<div class=\"wp-block-column is-vertically-aligned-center is-layout-flow wp-block-column-is-layout-flow\">\n<figure class=\"wp-block-image size-full\"><img loading=\"lazy\" decoding=\"async\" width=\"686\" height=\"678\" src=\"https:\/\/unitelaique.org\/wp-content\/uploads\/2026\/08\/LOGO-Philophile-17-03.png\" alt=\"\" class=\"wp-image-10928\"\/><\/figure>\n<\/div>\n\n\n\n<div class=\"wp-block-column is-vertically-aligned-center is-layout-flow wp-block-column-is-layout-flow\">\n<figure class=\"wp-block-image size-full\"><img loading=\"lazy\" decoding=\"async\" width=\"1856\" height=\"1772\" src=\"https:\/\/unitelaique.org\/wp-content\/uploads\/2026\/08\/logo-valence-romans-agglo-black.jpg\" alt=\"\" class=\"wp-image-10929\"\/><\/figure>\n<\/div>\n<\/div>\n<\/div>\n\n\n\n<div class=\"wp-block-column is-layout-flow wp-block-column-is-layout-flow\">\n<div class=\"wp-block-columns is-layout-flex wp-container-core-columns-is-layout-9d6595d7 wp-block-columns-is-layout-flex\">\n<div class=\"wp-block-column is-vertically-aligned-center is-layout-flow wp-block-column-is-layout-flow\">\n<figure class=\"wp-block-image size-full\"><img loading=\"lazy\" decoding=\"async\" width=\"602\" height=\"600\" src=\"https:\/\/unitelaique.org\/wp-content\/uploads\/2026\/08\/logo-ville-de-valence.png\" alt=\"\" class=\"wp-image-10930\"\/><\/figure>\n<\/div>\n\n\n\n<div class=\"wp-block-column is-vertically-aligned-center is-layout-flow wp-block-column-is-layout-flow\">\n<figure class=\"wp-block-image size-full\"><img loading=\"lazy\" decoding=\"async\" width=\"1398\" height=\"1125\" src=\"https:\/\/unitelaique.org\/wp-content\/uploads\/2026\/08\/logo-barreau-de-la-drome.png\" alt=\"\" class=\"wp-image-10931\"\/><\/figure>\n<\/div>\n\n\n\n<div class=\"wp-block-column is-vertically-aligned-center is-layout-flow wp-block-column-is-layout-flow\">\n<figure class=\"wp-block-image size-full\"><img loading=\"lazy\" decoding=\"async\" width=\"1254\" height=\"1254\" src=\"https:\/\/unitelaique.org\/wp-content\/uploads\/2026\/08\/logo-licra-drome.png\" alt=\"\" class=\"wp-image-10932\"\/><\/figure>\n<\/div>\n<\/div>\n<\/div>\n<\/div>\n","protected":false},"excerpt":{"rendered":"<p>Mardi 17 novembre 2026, 9h00 I Espace Latour-Maubourg de Valence En partenariat avec la m\u00e9diath\u00e8que Fran\u00e7ois Mitterrand \u2013 Espace Latour-Maubourg. R\u00c9CIT R\u00c9PUBLICAIN OU ROMAN NATIONAL ? R\u00c9FLEXIONS SUR L\u2019HISTOIRE DE LA R\u00c9PUBLIQUE. Le \u00ab&nbsp;roman national&nbsp;\u00bb est brandi par certains comme une n\u00e9cessit\u00e9 ou bien au contraire un \u00e9pouvantail. Peu se posent finalement la question de [&hellip;]<\/p>\n","protected":false},"author":7,"featured_media":0,"comment_status":"closed","ping_status":"","sticky":false,"template":"","format":"standard","meta":{"footnotes":""},"categories":[8],"tags":[],"class_list":["post-10945","post","type-post","status-publish","format-standard","hentry","category-defaut"],"_links":{"self":[{"href":"https:\/\/unitelaique.org\/index.php\/wp-json\/wp\/v2\/posts\/10945","targetHints":{"allow":["GET"]}}],"collection":[{"href":"https:\/\/unitelaique.org\/index.php\/wp-json\/wp\/v2\/posts"}],"about":[{"href":"https:\/\/unitelaique.org\/index.php\/wp-json\/wp\/v2\/types\/post"}],"author":[{"embeddable":true,"href":"https:\/\/unitelaique.org\/index.php\/wp-json\/wp\/v2\/users\/7"}],"replies":[{"embeddable":true,"href":"https:\/\/unitelaique.org\/index.php\/wp-json\/wp\/v2\/comments?post=10945"}],"version-history":[{"count":1,"href":"https:\/\/unitelaique.org\/index.php\/wp-json\/wp\/v2\/posts\/10945\/revisions"}],"predecessor-version":[{"id":10947,"href":"https:\/\/unitelaique.org\/index.php\/wp-json\/wp\/v2\/posts\/10945\/revisions\/10947"}],"wp:attachment":[{"href":"https:\/\/unitelaique.org\/index.php\/wp-json\/wp\/v2\/media?parent=10945"}],"wp:term":[{"taxonomy":"category","embeddable":true,"href":"https:\/\/unitelaique.org\/index.php\/wp-json\/wp\/v2\/categories?post=10945"},{"taxonomy":"post_tag","embeddable":true,"href":"https:\/\/unitelaique.org\/index.php\/wp-json\/wp\/v2\/tags?post=10945"}],"curies":[{"name":"wp","href":"https:\/\/api.w.org\/{rel}","templated":true}]}}