{"id":10948,"date":"2026-08-31T15:08:51","date_gmt":"2026-08-31T13:08:51","guid":{"rendered":"https:\/\/unitelaique.org\/?p=10948"},"modified":"2026-08-31T15:12:43","modified_gmt":"2026-08-31T13:12:43","slug":"4-cine-debat-labandon-avec-mickaelle-paty","status":"publish","type":"post","link":"https:\/\/unitelaique.org\/index.php\/2026\/08\/31\/4-cine-debat-labandon-avec-mickaelle-paty\/","title":{"rendered":"#4 Cin\u00e9-d\u00e9bat : L&rsquo;Abandon avec Micka\u00eblle Paty"},"content":{"rendered":"\n<p style=\"font-size:28px\"><strong>Vendredi 6 novembre 2026, 20h00 I Lux Sc\u00e8ne Nationale, Valence<\/strong><\/p>\n\n\n\n<p>En partenariat avec LUX Sc\u00e8ne nationale.<br><em>Projection du film <strong>L\u2019ABANDON<\/strong>, de Vincent Garenq, d\u2019apr\u00e8s le livre Les Derniers Jours de Samuel Paty (Plon, 2023) de St\u00e9phane Simon. <strong>Micka\u00eblle Paty et des com\u00e9diens du film<\/strong> \u00e9changeront avec le public \u00e0 l\u2019issue de la projection.<\/em><\/p>\n\n\n\n<div class=\"wp-block-columns is-layout-flex wp-container-core-columns-is-layout-9d6595d7 wp-block-columns-is-layout-flex\">\n<div class=\"wp-block-column is-layout-flow wp-block-column-is-layout-flow\" style=\"flex-basis:66.66%\">\n<p>Tout le monde conna\u00eet le nom de Samuel Paty, mais peu de gens connaissent l\u2019engrenage qui a conduit \u00e0 sa mort tragique.<\/p>\n\n\n\n<p>Le film <em>L\u2019Abandon<\/em> est consacr\u00e9 aux onze derniers jours de Samuel Paty, professeur d&rsquo;histoire-g\u00e9ographie, assassin\u00e9 par arme blanche et d\u00e9capit\u00e9 en rentrant chez lui, \u00e0 la sortie du coll\u00e8ge du Bois d\u2019Alne \u00e0 Conflans-Sainte-Honorine, le 16 octobre 2020, par un djihadiste tch\u00e9tch\u00e8ne, apr\u00e8s avoir \u00e9t\u00e9 diffam\u00e9 sur les r\u00e9seaux sociaux par le p\u00e8re d&rsquo;une \u00e9l\u00e8ve et un agitateur islamiste pour avoir montr\u00e9 des caricatures de Mahomet lors d&rsquo;un cours d&rsquo;enseignement moral et civique sur la libert\u00e9 d&rsquo;expression.<\/p>\n\n\n\n<p>Film sobre, pr\u00e9cis et rigoureux, document\u00e9 par les enqu\u00eates et proc\u00e8s et nourri de l\u2019\u00e9troite collaboration de Micka\u00eblle Paty, s\u0153ur de Samuel, <em>L\u2019Abandon<\/em> est un film remarquable dont le succ\u00e8s public (pr\u00e8s de 700 000 entr\u00e9es) est \u00e0 la hauteur du traumatisme v\u00e9cu par les Fran\u00e7ais.<\/p>\n\n\n\n<p>Lien vers la bande-annonce <a href=\"https:\/\/www.youtube.com\/watch?v=gTAUdBL_K00\"><strong>&lt;ICI><\/strong><\/a><br>Plus d&rsquo;infos <a href=\"https:\/\/lux-valence.com\/evenement\/labandon\/\" data-type=\"link\" data-id=\"https:\/\/lux-valence.com\/evenement\/labandon\/\"><strong>&lt;CLIC><\/strong><\/a><\/p>\n\n\n\n<p><strong>Une s\u00e9ance avec les scolaires est organis\u00e9e le vendredi 6 novembre \u00e0 14h, en pr\u00e9sence de Micka\u00eblle Paty.<\/strong><\/p>\n<\/div>\n\n\n\n<div class=\"wp-block-column is-layout-flow wp-block-column-is-layout-flow\" style=\"flex-basis:33.33%\">\n<figure class=\"wp-block-image size-full\"><img loading=\"lazy\" decoding=\"async\" width=\"1240\" height=\"1754\" src=\"https:\/\/unitelaique.org\/wp-content\/uploads\/2026\/08\/20250811_potinnivet_V6.jpg\" alt=\"\" class=\"wp-image-10915\"\/><\/figure>\n<\/div>\n<\/div>\n\n\n\n<!--more-->\n\n\n\n<p class=\"has-medium-font-size\"><strong>Nos partenaires de la saison<\/strong><\/p>\n\n\n\n<div class=\"wp-block-columns is-layout-flex wp-container-core-columns-is-layout-9d6595d7 wp-block-columns-is-layout-flex\">\n<div class=\"wp-block-column is-layout-flow wp-block-column-is-layout-flow\">\n<div class=\"wp-block-columns is-layout-flex wp-container-core-columns-is-layout-9d6595d7 wp-block-columns-is-layout-flex\">\n<div class=\"wp-block-column is-vertically-aligned-center is-layout-flow wp-block-column-is-layout-flow\"><div class=\"wp-block-image\">\n<figure class=\"aligncenter size-full\"><img loading=\"lazy\" decoding=\"async\" width=\"1284\" height=\"1279\" src=\"https:\/\/unitelaique.org\/wp-content\/uploads\/2026\/08\/lux-logo.png\" alt=\"\" class=\"wp-image-10923\"\/><\/figure>\n<\/div><\/div>\n\n\n\n<div class=\"wp-block-column is-vertically-aligned-center is-layout-flow wp-block-column-is-layout-flow\"><div class=\"wp-block-image\">\n<figure class=\"aligncenter size-full\"><img loading=\"lazy\" decoding=\"async\" width=\"1181\" height=\"1181\" src=\"https:\/\/unitelaique.org\/wp-content\/uploads\/2026\/08\/logo-Latour-Maubourg-black.jpg\" alt=\"\" class=\"wp-image-10924\"\/><\/figure>\n<\/div><\/div>\n\n\n\n<div class=\"wp-block-column is-vertically-aligned-center is-layout-flow wp-block-column-is-layout-flow\"><div class=\"wp-block-image\">\n<figure class=\"aligncenter size-full\"><img loading=\"lazy\" decoding=\"async\" width=\"570\" height=\"350\" src=\"https:\/\/unitelaique.org\/wp-content\/uploads\/2026\/08\/logo-uga.png\" alt=\"\" class=\"wp-image-10925\"\/><\/figure>\n<\/div><\/div>\n<\/div>\n<\/div>\n\n\n\n<div class=\"wp-block-column is-layout-flow wp-block-column-is-layout-flow\">\n<div class=\"wp-block-columns is-layout-flex wp-container-core-columns-is-layout-9d6595d7 wp-block-columns-is-layout-flex\">\n<div class=\"wp-block-column is-vertically-aligned-center is-layout-flow wp-block-column-is-layout-flow\">\n<figure class=\"wp-block-image size-full\"><img loading=\"lazy\" decoding=\"async\" width=\"200\" height=\"200\" src=\"https:\/\/unitelaique.org\/wp-content\/uploads\/2026\/08\/logo-cpa.png\" alt=\"\" class=\"wp-image-10927\"\/><\/figure>\n<\/div>\n\n\n\n<div class=\"wp-block-column is-vertically-aligned-center is-layout-flow wp-block-column-is-layout-flow\">\n<figure class=\"wp-block-image size-full\"><img loading=\"lazy\" decoding=\"async\" width=\"686\" height=\"678\" src=\"https:\/\/unitelaique.org\/wp-content\/uploads\/2026\/08\/LOGO-Philophile-17-03.png\" alt=\"\" class=\"wp-image-10928\"\/><\/figure>\n<\/div>\n\n\n\n<div class=\"wp-block-column is-vertically-aligned-center is-layout-flow wp-block-column-is-layout-flow\">\n<figure class=\"wp-block-image size-full\"><img loading=\"lazy\" decoding=\"async\" width=\"1856\" height=\"1772\" src=\"https:\/\/unitelaique.org\/wp-content\/uploads\/2026\/08\/logo-valence-romans-agglo-black.jpg\" alt=\"\" class=\"wp-image-10929\"\/><\/figure>\n<\/div>\n<\/div>\n<\/div>\n\n\n\n<div class=\"wp-block-column is-layout-flow wp-block-column-is-layout-flow\">\n<div class=\"wp-block-columns is-layout-flex wp-container-core-columns-is-layout-9d6595d7 wp-block-columns-is-layout-flex\">\n<div class=\"wp-block-column is-vertically-aligned-center is-layout-flow wp-block-column-is-layout-flow\">\n<figure class=\"wp-block-image size-full\"><img loading=\"lazy\" decoding=\"async\" width=\"602\" height=\"600\" src=\"https:\/\/unitelaique.org\/wp-content\/uploads\/2026\/08\/logo-ville-de-valence.png\" alt=\"\" class=\"wp-image-10930\"\/><\/figure>\n<\/div>\n\n\n\n<div class=\"wp-block-column is-vertically-aligned-center is-layout-flow wp-block-column-is-layout-flow\">\n<figure class=\"wp-block-image size-full\"><img loading=\"lazy\" decoding=\"async\" width=\"1398\" height=\"1125\" src=\"https:\/\/unitelaique.org\/wp-content\/uploads\/2026\/08\/logo-barreau-de-la-drome.png\" alt=\"\" class=\"wp-image-10931\"\/><\/figure>\n<\/div>\n\n\n\n<div class=\"wp-block-column is-vertically-aligned-center is-layout-flow wp-block-column-is-layout-flow\">\n<figure class=\"wp-block-image size-full\"><img loading=\"lazy\" decoding=\"async\" width=\"1254\" height=\"1254\" src=\"https:\/\/unitelaique.org\/wp-content\/uploads\/2026\/08\/logo-licra-drome.png\" alt=\"\" class=\"wp-image-10932\"\/><\/figure>\n<\/div>\n<\/div>\n<\/div>\n<\/div>\n\n\n\n<hr class=\"wp-block-separator has-alpha-channel-opacity\"\/>\n\n\n\n<p>Unit\u00e9 la\u00efque est engag\u00e9e depuis 2023 aux c\u00f4t\u00e9s de Micka\u00eblle Paty pour faire vivre la m\u00e9moire du professeur assassin\u00e9 dans le cadre de l\u2019initiative <strong>HONORER SAMUEL PATY HONORER LA R\u00c9PUBLIQUE.<\/strong> UL incite ainsi les \u00e9lus locaux \u00e0 donner le nom de Samuel Paty \u00e0 des voies de leur commune ou \u00e0 des \u00e9tablissements scolaires. Pour plus d\u2019informations, consulter la rubrique <strong><a href=\"https:\/\/unitelaique.org\/index.php\/honorer-samuel-paty\/\" data-type=\"link\" data-id=\"https:\/\/unitelaique.org\/index.php\/honorer-samuel-paty\/\">HONORER SAMUEL PATY<\/a><\/strong>.<\/p>\n\n\n\n<p>Unit\u00e9 la\u00efque organise \u00e9galement chaque ann\u00e9e en octobre \u00e0 Paris la soir\u00e9e de comm\u00e9moration de la mort de Samuel Paty.<\/p>\n\n\n\n<div class=\"wp-block-columns is-layout-flex wp-container-core-columns-is-layout-9d6595d7 wp-block-columns-is-layout-flex\">\n<div class=\"wp-block-column is-vertically-aligned-center is-layout-flow wp-block-column-is-layout-flow\" style=\"flex-basis:33.33%\"><div class=\"wp-block-image\">\n<figure class=\"aligncenter size-full is-resized\"><img loading=\"lazy\" decoding=\"async\" width=\"800\" height=\"1067\" src=\"https:\/\/unitelaique.org\/wp-content\/uploads\/2026\/08\/290925_samuelpaty5ansapres_V4LIGHT.jpg\" alt=\"\" class=\"wp-image-10954\" style=\"aspect-ratio:0.7497631366832264;width:165px;height:auto\"\/><\/figure>\n<\/div><\/div>\n\n\n\n<div class=\"wp-block-column is-layout-flow wp-block-column-is-layout-flow\" style=\"flex-basis:66.66%\">\n<div data-wp-context=\"{ &quot;autoclose&quot;: false, &quot;accordionItems&quot;: [] }\" data-wp-interactive=\"core\/accordion\" role=\"group\" class=\"wp-block-accordion is-layout-flow wp-block-accordion-is-layout-flow\">\n<div data-wp-class--is-open=\"state.isOpen\" data-wp-context=\"{ &quot;id&quot;: &quot;accordion-item-1&quot;, &quot;openByDefault&quot;: false }\" data-wp-init=\"callbacks.initAccordionItems\" data-wp-on-window--hashchange=\"callbacks.hashChange\" class=\"wp-block-accordion-item is-layout-flow wp-block-accordion-item-is-layout-flow\">\n<h3 class=\"wp-block-accordion-heading\"><button aria-expanded=\"false\" aria-controls=\"accordion-item-1-panel\" data-wp-bind--aria-expanded=\"state.isOpen\" data-wp-on--click=\"actions.toggle\" data-wp-on--keydown=\"actions.handleKeyDown\" id=\"accordion-item-1\" type=\"button\" class=\"wp-block-accordion-heading__toggle\"><span class=\"wp-block-accordion-heading__toggle-title\">2026<\/span><span class=\"wp-block-accordion-heading__toggle-icon\" aria-hidden=\"true\">+<\/span><\/button><\/h3>\n\n\n\n<div inert aria-labelledby=\"accordion-item-1\" data-wp-bind--inert=\"!state.isOpen\" id=\"accordion-item-1-panel\" role=\"region\" class=\"wp-block-accordion-panel is-layout-flow wp-block-accordion-panel-is-layout-flow\">\n<p>Lien \u00e0 venir<\/p>\n<\/div>\n<\/div>\n<\/div>\n\n\n\n<div data-wp-context=\"{ &quot;autoclose&quot;: false, &quot;accordionItems&quot;: [] }\" data-wp-interactive=\"core\/accordion\" role=\"group\" class=\"wp-block-accordion is-layout-flow wp-block-accordion-is-layout-flow\">\n<div data-wp-class--is-open=\"state.isOpen\" data-wp-context=\"{ &quot;id&quot;: &quot;accordion-item-2&quot;, &quot;openByDefault&quot;: false }\" data-wp-init=\"callbacks.initAccordionItems\" data-wp-on-window--hashchange=\"callbacks.hashChange\" class=\"wp-block-accordion-item is-layout-flow wp-block-accordion-item-is-layout-flow\">\n<h3 class=\"wp-block-accordion-heading\"><button aria-expanded=\"false\" aria-controls=\"accordion-item-2-panel\" data-wp-bind--aria-expanded=\"state.isOpen\" data-wp-on--click=\"actions.toggle\" data-wp-on--keydown=\"actions.handleKeyDown\" id=\"accordion-item-2\" type=\"button\" class=\"wp-block-accordion-heading__toggle\"><span class=\"wp-block-accordion-heading__toggle-title\">2025<\/span><span class=\"wp-block-accordion-heading__toggle-icon\" aria-hidden=\"true\">+<\/span><\/button><\/h3>\n\n\n\n<div inert aria-labelledby=\"accordion-item-2\" data-wp-bind--inert=\"!state.isOpen\" id=\"accordion-item-2-panel\" role=\"region\" class=\"wp-block-accordion-panel is-layout-flow wp-block-accordion-panel-is-layout-flow\">\n<p><a href=\"https:\/\/unitelaique.org\/index.php\/2025\/09\/08\/samuel-paty-5-ans-apres\/\" data-type=\"link\" data-id=\"https:\/\/unitelaique.org\/index.php\/2025\/09\/08\/samuel-paty-5-ans-apres\/\">Comm\u00e9moration 2025<\/a><\/p>\n<\/div>\n<\/div>\n<\/div>\n\n\n\n<div data-wp-context=\"{ &quot;autoclose&quot;: false, &quot;accordionItems&quot;: [] }\" data-wp-interactive=\"core\/accordion\" role=\"group\" class=\"wp-block-accordion is-layout-flow wp-block-accordion-is-layout-flow\">\n<div data-wp-class--is-open=\"state.isOpen\" data-wp-context=\"{ &quot;id&quot;: &quot;accordion-item-3&quot;, &quot;openByDefault&quot;: false }\" data-wp-init=\"callbacks.initAccordionItems\" data-wp-on-window--hashchange=\"callbacks.hashChange\" class=\"wp-block-accordion-item is-layout-flow wp-block-accordion-item-is-layout-flow\">\n<h3 class=\"wp-block-accordion-heading\"><button aria-expanded=\"false\" aria-controls=\"accordion-item-3-panel\" data-wp-bind--aria-expanded=\"state.isOpen\" data-wp-on--click=\"actions.toggle\" data-wp-on--keydown=\"actions.handleKeyDown\" id=\"accordion-item-3\" type=\"button\" class=\"wp-block-accordion-heading__toggle\"><span class=\"wp-block-accordion-heading__toggle-title\">2024<\/span><span class=\"wp-block-accordion-heading__toggle-icon\" aria-hidden=\"true\">+<\/span><\/button><\/h3>\n\n\n\n<div inert aria-labelledby=\"accordion-item-3\" data-wp-bind--inert=\"!state.isOpen\" id=\"accordion-item-3-panel\" role=\"region\" class=\"wp-block-accordion-panel is-layout-flow wp-block-accordion-panel-is-layout-flow\">\n<p><a href=\"https:\/\/unitelaique.org\/index.php\/2024\/10\/02\/commemoration-de-lassassinat-de-samuel-paty\/\" data-type=\"link\" data-id=\"https:\/\/unitelaique.org\/index.php\/2024\/10\/02\/commemoration-de-lassassinat-de-samuel-paty\/\">Comm\u00e9moration 2024<\/a><\/p>\n<\/div>\n<\/div>\n<\/div>\n<\/div>\n<\/div>\n\n\n\n<p><\/p>\n","protected":false},"excerpt":{"rendered":"<p>Vendredi 6 novembre 2026, 20h00 I Lux Sc\u00e8ne Nationale, Valence En partenariat avec LUX Sc\u00e8ne nationale.Projection du film L\u2019ABANDON, de Vincent Garenq, d\u2019apr\u00e8s le livre Les Derniers Jours de Samuel Paty (Plon, 2023) de St\u00e9phane Simon. Micka\u00eblle Paty et des com\u00e9diens du film \u00e9changeront avec le public \u00e0 l\u2019issue de la projection. Tout le monde [&hellip;]<\/p>\n","protected":false},"author":7,"featured_media":0,"comment_status":"closed","ping_status":"","sticky":false,"template":"","format":"standard","meta":{"footnotes":""},"categories":[8],"tags":[],"class_list":["post-10948","post","type-post","status-publish","format-standard","hentry","category-defaut"],"_links":{"self":[{"href":"https:\/\/unitelaique.org\/index.php\/wp-json\/wp\/v2\/posts\/10948","targetHints":{"allow":["GET"]}}],"collection":[{"href":"https:\/\/unitelaique.org\/index.php\/wp-json\/wp\/v2\/posts"}],"about":[{"href":"https:\/\/unitelaique.org\/index.php\/wp-json\/wp\/v2\/types\/post"}],"author":[{"embeddable":true,"href":"https:\/\/unitelaique.org\/index.php\/wp-json\/wp\/v2\/users\/7"}],"replies":[{"embeddable":true,"href":"https:\/\/unitelaique.org\/index.php\/wp-json\/wp\/v2\/comments?post=10948"}],"version-history":[{"count":7,"href":"https:\/\/unitelaique.org\/index.php\/wp-json\/wp\/v2\/posts\/10948\/revisions"}],"predecessor-version":[{"id":10956,"href":"https:\/\/unitelaique.org\/index.php\/wp-json\/wp\/v2\/posts\/10948\/revisions\/10956"}],"wp:attachment":[{"href":"https:\/\/unitelaique.org\/index.php\/wp-json\/wp\/v2\/media?parent=10948"}],"wp:term":[{"taxonomy":"category","embeddable":true,"href":"https:\/\/unitelaique.org\/index.php\/wp-json\/wp\/v2\/categories?post=10948"},{"taxonomy":"post_tag","embeddable":true,"href":"https:\/\/unitelaique.org\/index.php\/wp-json\/wp\/v2\/tags?post=10948"}],"curies":[{"name":"wp","href":"https:\/\/api.w.org\/{rel}","templated":true}]}}