{"id":10957,"date":"2026-09-04T09:28:11","date_gmt":"2026-09-04T07:28:11","guid":{"rendered":"https:\/\/unitelaique.org\/?p=10957"},"modified":"2026-09-04T09:28:23","modified_gmt":"2026-09-04T07:28:23","slug":"soutien-a-guillaume-trichard-la-haine-antimaconnique-ne-fera-pas-taire-la-republique","status":"publish","type":"post","link":"https:\/\/unitelaique.org\/index.php\/2026\/09\/04\/soutien-a-guillaume-trichard-la-haine-antimaconnique-ne-fera-pas-taire-la-republique\/","title":{"rendered":"Soutien \u00e0 Guillaume Trichard\u00a0: la haine antima\u00e7onnique ne fera pas taire la R\u00e9publique\u00a0!"},"content":{"rendered":"\n<p><em>\u00c0 la suite de son \u00e9lection \u00e0 la Grande Ma\u00eetrise du Grand Orient de France, Guillaume Trichard a d\u00e9clar\u00e9 que les \u00e9coles priv\u00e9es hors contrat n\u2019avaient pas leur place dans la R\u00e9publique. Nous partageons cette position\u00a0; la seule \u00e9cole libre, c\u2019est l\u2019Ecole la\u00efque.<\/em><\/p>\n\n\n\n<p>La violence des r\u00e9actions d\u00e9clench\u00e9es par ses propos en apporte paradoxalement une \u00e9clatante confirmation. Derri\u00e8re la d\u00e9fense de ces \u00e9tablissements se mobilisent aujourd\u2019hui des milieux int\u00e9gristes, nationalistes, antima\u00e7onniques et ouvertement hostiles \u00e0 la R\u00e9publique. Lorsque la d\u00e9fense d\u2019une pr\u00e9tendue libert\u00e9 d\u2019enseignement fait surgir les pires r\u00e9f\u00e9rences id\u00e9ologiques du fascisme, elle r\u00e9v\u00e8le la nature politique du probl\u00e8me. La R\u00e9publique a le devoir de garantir que l\u2019\u00e9ducation des enfants demeure \u00e0 l\u2019abri des entreprises d\u2019endoctrinement, des int\u00e9grismes, des s\u00e9paratismes et des d\u00e9rives sectaires.<\/p>\n\n\n\n<p>Cette position peut \u00eatre discut\u00e9e. Elle peut \u00eatre combattue par des arguments. Rien, absolument rien, ne justifie en revanche la campagne de haine qui vise depuis plusieurs jours Guillaume Trichard.<\/p>\n\n\n\n<!--more-->\n\n\n\n<p>Insultes personnelles, attaques homophobes, impr\u00e9cations antima\u00e7onniques, r\u00e9f\u00e9rences obsessionnelles aux Rothschild, d\u00e9nonciation de la franc-ma\u00e7onnerie comme \u00ab secte \u00bb, opposition de \u00ab Dieu \u00bb au \u00ab diable \u00bb, jusqu\u2019au sinistre \u00ab \u00c0 mort la gueuse ! \u00bb : nous voyons ressurgir, presque intact, le vieux vocabulaire de l\u2019extr\u00eame droite cl\u00e9ricale, homophobe, antis\u00e9mite et antir\u00e9publicaine.<\/p>\n\n\n\n<p>Le d\u00e9cha\u00eenement qui a suivi la pr\u00e9sence de Guillaume Trichard, avec des repr\u00e9sentants d\u2019autres ob\u00e9diences ma\u00e7onniques, au ravivage de la flamme du Soldat inconnu est \u00e0 cet \u00e9gard particuli\u00e8rement r\u00e9v\u00e9lateur. Qu\u2019un hommage rendu aux morts pour la France puisse provoquer une telle fureur parce qu\u2019il est accompli par des francs-ma\u00e7ons dit assez ce qui est r\u00e9ellement en cause. La d\u00e9signation publique d\u2019un homme comme ennemi livre un visage \u00e0 la haine et une cible aux fanatiques.<\/p>\n\n\n\n<p>Depuis l\u2019assassinat de Samuel Paty, nul ne peut pr\u00e9tendre ignorer qu\u2019une campagne de haine commenc\u00e9e sur les r\u00e9seaux sociaux peut sortir des \u00e9crans. Les mots ont des cons\u00e9quences. Ceux qui organisent, alimentent ou banalisent ces campagnes et d\u00e9signent une cible \u00e0 tous les exalt\u00e9s portent une responsabilit\u00e9 \u00e9crasante.<\/p>\n\n\n\n<p>Nous assurons Guillaume Trichard de notre enti\u00e8re solidarit\u00e9. Nous appelons les pouvoirs publics \u00e0 la plus grande vigilance face aux menaces dont il fait l\u2019objet.<\/p>\n\n\n\n<p>Et nous le disons sans d\u00e9tour \u00e0 ceux qui voudraient restaurer les vieilles haines antima\u00e7onniques et antir\u00e9publicaines : ils ne nous intimideront pas.La libert\u00e9 de conscience, la la\u00efcit\u00e9 et la R\u00e9publique ne se n\u00e9gocient pas sous la menace.<\/p>\n\n\n\n<ul class=\"wp-block-list\">\n<li>DDEN (F\u00e9d\u00e9ration nationale des d\u00e9l\u00e9gu\u00e9s d\u00e9partementaux de l\u2019Education nationale)<\/li>\n\n\n\n<li>Comit\u00e9 La\u00efcit\u00e9 R\u00e9publique<\/li>\n\n\n\n<li>EGALE<\/li>\n\n\n\n<li>Le Chevalier de la Barre<\/li>\n\n\n\n<li>UFAL (Union des familles la\u00efques)<\/li>\n\n\n\n<li>Unit\u00e9 La\u00efque<\/li>\n<\/ul>\n\n\n\n<p class=\"has-medium-font-size\"><strong><a href=\"https:\/\/unitelaique.org\/wp-content\/uploads\/2026\/09\/20260903-20260903-Soutien-a\u0300-Guillaume-Trichard.pdf\" data-type=\"link\" data-id=\"https:\/\/unitelaique.org\/wp-content\/uploads\/2026\/09\/20260903-20260903-Soutien-a\u0300-Guillaume-Trichard.pdf\">T\u00e9l\u00e9chargez le communiqu\u00e9 de presse<\/a><\/strong><\/p>\n","protected":false},"excerpt":{"rendered":"<p>\u00c0 la suite de son \u00e9lection \u00e0 la Grande Ma\u00eetrise du Grand Orient de France, Guillaume Trichard a d\u00e9clar\u00e9 que les \u00e9coles priv\u00e9es hors contrat n\u2019avaient pas leur place dans la R\u00e9publique. Nous partageons cette position\u00a0; la seule \u00e9cole libre, c\u2019est l\u2019Ecole la\u00efque. La violence des r\u00e9actions d\u00e9clench\u00e9es par ses propos en apporte paradoxalement une [&hellip;]<\/p>\n","protected":false},"author":7,"featured_media":0,"comment_status":"closed","ping_status":"","sticky":false,"template":"","format":"standard","meta":{"footnotes":""},"categories":[4],"tags":[],"class_list":["post-10957","post","type-post","status-publish","format-standard","hentry","category-communiques"],"_links":{"self":[{"href":"https:\/\/unitelaique.org\/index.php\/wp-json\/wp\/v2\/posts\/10957","targetHints":{"allow":["GET"]}}],"collection":[{"href":"https:\/\/unitelaique.org\/index.php\/wp-json\/wp\/v2\/posts"}],"about":[{"href":"https:\/\/unitelaique.org\/index.php\/wp-json\/wp\/v2\/types\/post"}],"author":[{"embeddable":true,"href":"https:\/\/unitelaique.org\/index.php\/wp-json\/wp\/v2\/users\/7"}],"replies":[{"embeddable":true,"href":"https:\/\/unitelaique.org\/index.php\/wp-json\/wp\/v2\/comments?post=10957"}],"version-history":[{"count":2,"href":"https:\/\/unitelaique.org\/index.php\/wp-json\/wp\/v2\/posts\/10957\/revisions"}],"predecessor-version":[{"id":10962,"href":"https:\/\/unitelaique.org\/index.php\/wp-json\/wp\/v2\/posts\/10957\/revisions\/10962"}],"wp:attachment":[{"href":"https:\/\/unitelaique.org\/index.php\/wp-json\/wp\/v2\/media?parent=10957"}],"wp:term":[{"taxonomy":"category","embeddable":true,"href":"https:\/\/unitelaique.org\/index.php\/wp-json\/wp\/v2\/categories?post=10957"},{"taxonomy":"post_tag","embeddable":true,"href":"https:\/\/unitelaique.org\/index.php\/wp-json\/wp\/v2\/tags?post=10957"}],"curies":[{"name":"wp","href":"https:\/\/api.w.org\/{rel}","templated":true}]}}