{"id":2950,"date":"2022-02-03T15:19:30","date_gmt":"2022-02-03T14:19:30","guid":{"rendered":"https:\/\/unitelaique.org\/?p=2950"},"modified":"2022-02-03T15:19:30","modified_gmt":"2022-02-03T14:19:30","slug":"menaces-de-mort-contre-ophelie-meunier-lappel-de-160-personnalites-pour-la-liberte-dinformer","status":"publish","type":"post","link":"https:\/\/unitelaique.org\/index.php\/2022\/02\/03\/menaces-de-mort-contre-ophelie-meunier-lappel-de-160-personnalites-pour-la-liberte-dinformer\/","title":{"rendered":"Menaces de mort contre Oph\u00e9lie Meunier\u00a0: l&rsquo;appel de 160 personnalit\u00e9s pour la libert\u00e9 d&rsquo;informer"},"content":{"rendered":"\n<h5 class=\"has-text-color has-medium-font-size wp-block-heading\" id=\"menaces-de-mort-contre-ophelie-meunier-l-appel-de-160-personnalites-pour-la-liberte-d-informer\" style=\"color:#1d558c;font-style:normal;font-weight:600\"><a href=\"https:\/\/www.lefigaro.fr\/vox\/societe\/menaces-de-mort-contre-ophelie-meunier-l-appel-de-160-personnalites-pour-la-liberte-d-informer-20220203\">Menaces de mort contre Oph\u00e9lie Meunier&nbsp;: l&rsquo;appel de 160 personnalit\u00e9s pour la libert\u00e9 d&rsquo;informer<\/a><\/h5>\n\n\n\n<p><strong>La tribune, cosign\u00e9e par Jean-Pierre Sakoun, pr\u00e9sident d&rsquo;Unit\u00e9 La\u00efque.<\/strong><\/p>\n\n\n\n<p><strong>FIGAROVOX\/EXCLUSIF &#8211;&nbsp;Apr\u00e8s le documentaire de M6 sur l&rsquo;islam radical, la journaliste Oph\u00e9lie Meunier a \u00e9t\u00e9 plac\u00e9e sous protection polici\u00e8re, ainsi qu&rsquo;Amine Elbahi, militant associatif de Roubaix. 160 personnalit\u00e9s, dont Boualem Sansal, Fr\u00e9d\u00e9ric Beigbeder, Michel Onfray et Jeannette Bougrab, regrettent le manque de r\u00e9action de la profession.<\/strong><\/p>\n\n\n\n<div class=\"wp-block-image is-style-default\"><figure class=\"aligncenter size-full\"><a href=\"https:\/\/www.lefigaro.fr\/vox\/societe\/menaces-de-mort-contre-ophelie-meunier-l-appel-de-160-personnalites-pour-la-liberte-d-informer-20220203\"><img loading=\"lazy\" decoding=\"async\" width=\"704\" height=\"396\" src=\"https:\/\/unitelaique.org\/wp-content\/uploads\/2022\/02\/Ophelie-Meunier.jpg\" alt=\"\" class=\"wp-image-2947\" srcset=\"https:\/\/unitelaique.org\/wp-content\/uploads\/2022\/02\/Ophelie-Meunier.jpg 704w, https:\/\/unitelaique.org\/wp-content\/uploads\/2022\/02\/Ophelie-Meunier-300x169.jpg 300w, https:\/\/unitelaique.org\/wp-content\/uploads\/2022\/02\/Ophelie-Meunier-24x14.jpg 24w, https:\/\/unitelaique.org\/wp-content\/uploads\/2022\/02\/Ophelie-Meunier-36x20.jpg 36w, https:\/\/unitelaique.org\/wp-content\/uploads\/2022\/02\/Ophelie-Meunier-48x27.jpg 48w\" sizes=\"auto, (max-width: 704px) 100vw, 704px\" \/><\/a><\/figure><\/div>\n","protected":false},"excerpt":{"rendered":"<p>Menaces de mort contre Oph\u00e9lie Meunier&nbsp;: l&rsquo;appel de 160 personnalit\u00e9s pour la libert\u00e9 d&rsquo;informer La tribune, cosign\u00e9e par Jean-Pierre Sakoun, pr\u00e9sident d&rsquo;Unit\u00e9 La\u00efque. FIGAROVOX\/EXCLUSIF &#8211;&nbsp;Apr\u00e8s le documentaire de M6 sur l&rsquo;islam radical, la journaliste Oph\u00e9lie Meunier a \u00e9t\u00e9 plac\u00e9e sous protection polici\u00e8re, ainsi qu&rsquo;Amine Elbahi, militant associatif de Roubaix. 160 personnalit\u00e9s, dont Boualem Sansal, Fr\u00e9d\u00e9ric [&hellip;]<\/p>\n","protected":false},"author":7,"featured_media":0,"comment_status":"closed","ping_status":"","sticky":false,"template":"","format":"standard","meta":{"footnotes":""},"categories":[20,6],"tags":[],"class_list":["post-2950","post","type-post","status-publish","format-standard","hentry","category-actualites-d-unite-laique","category-actualitelaicite"],"_links":{"self":[{"href":"https:\/\/unitelaique.org\/index.php\/wp-json\/wp\/v2\/posts\/2950","targetHints":{"allow":["GET"]}}],"collection":[{"href":"https:\/\/unitelaique.org\/index.php\/wp-json\/wp\/v2\/posts"}],"about":[{"href":"https:\/\/unitelaique.org\/index.php\/wp-json\/wp\/v2\/types\/post"}],"author":[{"embeddable":true,"href":"https:\/\/unitelaique.org\/index.php\/wp-json\/wp\/v2\/users\/7"}],"replies":[{"embeddable":true,"href":"https:\/\/unitelaique.org\/index.php\/wp-json\/wp\/v2\/comments?post=2950"}],"version-history":[{"count":1,"href":"https:\/\/unitelaique.org\/index.php\/wp-json\/wp\/v2\/posts\/2950\/revisions"}],"predecessor-version":[{"id":2951,"href":"https:\/\/unitelaique.org\/index.php\/wp-json\/wp\/v2\/posts\/2950\/revisions\/2951"}],"wp:attachment":[{"href":"https:\/\/unitelaique.org\/index.php\/wp-json\/wp\/v2\/media?parent=2950"}],"wp:term":[{"taxonomy":"category","embeddable":true,"href":"https:\/\/unitelaique.org\/index.php\/wp-json\/wp\/v2\/categories?post=2950"},{"taxonomy":"post_tag","embeddable":true,"href":"https:\/\/unitelaique.org\/index.php\/wp-json\/wp\/v2\/tags?post=2950"}],"curies":[{"name":"wp","href":"https:\/\/api.w.org\/{rel}","templated":true}]}}