{"id":2998,"date":"2021-11-15T16:22:00","date_gmt":"2021-11-15T15:22:00","guid":{"rendered":"https:\/\/unitelaique.org\/?p=2998"},"modified":"2022-02-09T16:27:57","modified_gmt":"2022-02-09T15:27:57","slug":"les-francais-et-lenseignement-du-fait-religieux-2","status":"publish","type":"post","link":"https:\/\/unitelaique.org\/index.php\/2021\/11\/15\/les-francais-et-lenseignement-du-fait-religieux-2\/","title":{"rendered":"Les Fran\u00e7ais et l&rsquo;enseignement du fait religieux"},"content":{"rendered":"\n<p><\/p>\n\n\n\n<p><strong>Sondage Novembre 2021<\/strong><\/p>\n\n\n\n<p><strong>Les Fran\u00e7ais et l\u2019enseignement du fait religieux<\/strong><\/p>\n\n\n\n<p>L\u2019Ifop a men\u00e9 pour l\u2019Institut d\u2019\u00e9tude des religions et de la la\u00efcit\u00e9 (IREL) une \u00e9tude sur \u00ab&nbsp;Les Fran\u00e7ais et l\u2019enseignement du fait religieux&nbsp;\u00bb. Retrouvez les r\u00e9sultats de l\u2019enqu\u00eate <a href=\"https:\/\/www.ifop.com\/publication\/les-francais-et-lenseignement-du-fait-religieux\/\">Les Fran\u00e7ais et l&rsquo;enseignement du fait religieux<\/a>.<\/p>\n\n\n\n<p>L\u2019interpr\u00e9tation des r\u00e9sultats de l\u2019enqu\u00eate par l\u2019IREL n\u2019a pas convaincu Unit\u00e9 la\u00efque. C\u2019est pourquoi Aline Girard, secr\u00e9taire g\u00e9n\u00e9rale d\u2019Unit\u00e9 la\u00efque et sp\u00e9cialiste de l\u2019enseignement du fait religieux \u00e0 l\u2019\u00e9cole, s\u2019est livr\u00e9e \u00e0 une analyse d\u00e9taill\u00e9e des r\u00e9sultats de l\u2019enqu\u00eate. Derri\u00e8re les commentaires positifs et consensuels des r\u00e9sultats par l\u2019IREL et par les promoteurs de l\u2019enseignement du fait religieux, on peut en effet mettre en \u00e9vidence une autre r\u00e9alit\u00e9. L\u2019enseignement du fait religieux est loin de donner les r\u00e9sultats escompt\u00e9s. Ce semi-\u00e9chec n\u2019emp\u00eache pas l\u2019IREL de continuer, sans faiblir, \u00e0 l\u00e9gitimer cet enseignement sur la base de convictions id\u00e9ologiques et de travailler \u00e0 la confusion des esprits<\/p>\n\n\n\n<p><a href=\"https:\/\/www.mezetulle.fr\/les-francais-et-lenseignement-du-fait-religieux-par-ag\/\">L\u2019analyse d\u2019Aline Girard<\/a> est en ligne sur <a href=\"https:\/\/www.mezetulle.fr\/\">Mezetulle<\/a>, le blog de Catherine Kintzler.<\/p>\n","protected":false},"excerpt":{"rendered":"<p>Sondage Novembre 2021 Les Fran\u00e7ais et l\u2019enseignement du fait religieux L\u2019Ifop a men\u00e9 pour l\u2019Institut d\u2019\u00e9tude des religions et de la la\u00efcit\u00e9 (IREL) une \u00e9tude sur \u00ab&nbsp;Les Fran\u00e7ais et l\u2019enseignement du fait religieux&nbsp;\u00bb. Retrouvez les r\u00e9sultats de l\u2019enqu\u00eate Les Fran\u00e7ais et l&rsquo;enseignement du fait religieux. L\u2019interpr\u00e9tation des r\u00e9sultats de l\u2019enqu\u00eate par l\u2019IREL n\u2019a pas convaincu [&hellip;]<\/p>\n","protected":false},"author":7,"featured_media":0,"comment_status":"closed","ping_status":"","sticky":false,"template":"","format":"standard","meta":{"footnotes":""},"categories":[10],"tags":[],"class_list":["post-2998","post","type-post","status-publish","format-standard","hentry","category-enquetes-et-etudes"],"_links":{"self":[{"href":"https:\/\/unitelaique.org\/index.php\/wp-json\/wp\/v2\/posts\/2998","targetHints":{"allow":["GET"]}}],"collection":[{"href":"https:\/\/unitelaique.org\/index.php\/wp-json\/wp\/v2\/posts"}],"about":[{"href":"https:\/\/unitelaique.org\/index.php\/wp-json\/wp\/v2\/types\/post"}],"author":[{"embeddable":true,"href":"https:\/\/unitelaique.org\/index.php\/wp-json\/wp\/v2\/users\/7"}],"replies":[{"embeddable":true,"href":"https:\/\/unitelaique.org\/index.php\/wp-json\/wp\/v2\/comments?post=2998"}],"version-history":[{"count":2,"href":"https:\/\/unitelaique.org\/index.php\/wp-json\/wp\/v2\/posts\/2998\/revisions"}],"predecessor-version":[{"id":3007,"href":"https:\/\/unitelaique.org\/index.php\/wp-json\/wp\/v2\/posts\/2998\/revisions\/3007"}],"wp:attachment":[{"href":"https:\/\/unitelaique.org\/index.php\/wp-json\/wp\/v2\/media?parent=2998"}],"wp:term":[{"taxonomy":"category","embeddable":true,"href":"https:\/\/unitelaique.org\/index.php\/wp-json\/wp\/v2\/categories?post=2998"},{"taxonomy":"post_tag","embeddable":true,"href":"https:\/\/unitelaique.org\/index.php\/wp-json\/wp\/v2\/tags?post=2998"}],"curies":[{"name":"wp","href":"https:\/\/api.w.org\/{rel}","templated":true}]}}