{"id":3761,"date":"2022-06-06T19:58:00","date_gmt":"2022-06-06T17:58:00","guid":{"rendered":"https:\/\/unitelaique.org\/?p=3761"},"modified":"2022-06-06T19:59:53","modified_gmt":"2022-06-06T17:59:53","slug":"les-republicains-laiques-pro-macron-grands-perdants-de-sa-reelection","status":"publish","type":"post","link":"https:\/\/unitelaique.org\/index.php\/2022\/06\/06\/les-republicains-laiques-pro-macron-grands-perdants-de-sa-reelection\/","title":{"rendered":"Les r\u00e9publicains la\u00efques pro-Macron, grands perdants de sa r\u00e9\u00e9lection"},"content":{"rendered":"\n<p class=\"has-medium-font-size\"><strong>Signaux contradictoires<\/strong><\/p>\n\n\n\n<p>Par&nbsp;<a href=\"https:\/\/www.marianne.net\/auteur\/hadrien-mathoux\">Hadrien Mathoux<\/a><\/p>\n\n\n\n<p>Publi\u00e9 le&nbsp;27\/05\/2022 dans Marianne<br><a href=\"https:\/\/www.marianne.net\/politique\/gouvernement\/les-republicains-laiques-pro-macron-grands-perdants-de-sa-reelection\">Les r\u00e9publicains la\u00efques pro-Macron, grands perdants de sa r\u00e9\u00e9lection (marianne.net)<\/a><br><\/p>\n\n\n\n<p class=\"has-medium-font-size\"><strong><em>Avec une contribution de Jean-Pierre Sakoun, pr\u00e9sident d&rsquo;Unit\u00e9 La\u00efque, interview\u00e9 et cit\u00e9 par Hadrien Mathoux dans cet article.<\/em><\/strong><\/p>\n\n\n\n<p>Ils avaient choisi de soutenir le pr\u00e9sident\u2009: les milieux la\u00efques n&rsquo;ont obtenu ni circonscription aux l\u00e9gislatives ni minist\u00e8re dans un gouvernement marqu\u00e9 par la nomination de Pap Ndiaye, suppos\u00e9 \u00e9loign\u00e9 de leurs positions. Et si le tournant r\u00e9publicain du premier quinquennat n&rsquo;avait \u00e9t\u00e9 qu&rsquo;un leurre\u2009?<\/p>\n\n\n\n<!--more-->\n\n\n\n<p>L\u2019humeur est maussade chez les piliers du Printemps r\u00e9publicain, \u00e0 l\u2019image de Gilles Clavreul, qui convoque une citation du Grand Cond\u00e9 datant de 1648 pour d\u00e9crire son sentiment sur Facebook\u2009:&nbsp;<em>\u00ab&nbsp;Je vois bien qu\u2019il faut que je re\u00e7oive quelque petite mortification, mais pourtant il est assez rude de servir avec la passion avec laquelle je sers, et se voir hors d\u2019\u00e9tat de rien faire ni pour soi ni pour ses amis.&nbsp;\u00bb<\/em>&nbsp;En d\u2019autres termes, plus contemporains\u2009: les rangs la\u00efques n\u2019ont pas \u00e9t\u00e9 r\u00e9compens\u00e9s de leur soutien \u00e0 Emmanuel Macron, tant s\u2019en faut.<\/p>\n\n\n\n<p>Alors qu\u2019il esp\u00e9rait une dizaine d\u2019investitures de la majorit\u00e9 aux l\u00e9gislatives, le Printemps r\u00e9publicain n\u2019en a d\u00e9croch\u00e9 qu\u2019une seule. L\u2019essayiste Zineb El Rhazoui et le pr\u00e9sident du mouvement, Amine El Khatmi, n\u2019ont pas obtenu de&nbsp;circonscription. Pis\u2009: au minist\u00e8re de l\u2019\u00c9ducation nationale, Jean-Michel Blanquer, chantre de la lutte contre le&nbsp;<em>\u00ab&nbsp;wokisme&nbsp;\u00bb<\/em>&nbsp;et l\u2019<em>\u00ab&nbsp;islamo-gauchisme&nbsp;\u00bb<\/em>&nbsp;<a href=\"https:\/\/www.marianne.net\/agora\/tribunes-libres\/pap-ndiaye-succede-a-jean-michel-blanquer-pour-lecole-ne-rien-ceder\" target=\"_blank\" rel=\"noreferrer noopener\">a \u00e9t\u00e9 remplac\u00e9 par l\u2019historien Pap Ndiaye<\/a>, dont les id\u00e9es sur ces th\u00e8mes (la\u00efcit\u00e9, antiracisme, universalisme) semblent oppos\u00e9es.<\/p>\n\n\n\n<p>Pour le camp r\u00e9publicain, c\u2019est la douche froide.<em>&nbsp;\u00ab&nbsp;Les deux minist\u00e8res charg\u00e9s de porter la R\u00e9publique la\u00efque par le savoir et la culture sont donc d\u00e9sormais sous la conduite de deux multiculturalistes&nbsp;\u00bb<\/em>&nbsp;tonne Jean-Pierre Sakoun, pr\u00e9sident de l\u2019association Unit\u00e9 la\u00efque, dont la critique vise aussi Rima Abdul Malak, nouvelle ministre de la Culture.<em>&nbsp;\u00ab&nbsp;On ne peut que constater que M. Ndiaye n\u2019est pas l\u2019ami de la R\u00e9publique la\u00efque, m\u00eame s\u2019il a toujours eu l\u2019habilet\u00e9 d\u2019enrober sa critique radicale dans une rh\u00e9torique distanci\u00e9e et dans une certaine ambigu\u00eft\u00e9\u2026&nbsp;\u00bb<\/em>&nbsp;estime le militant.<\/p>\n\n\n\n<p>UN D\u00c9SAVEU NOMM\u00c9 NDIAYE<\/p>\n\n\n\n<p>Le ministre de l\u2019\u00c9ducation est en effet loin d\u2019\u00eatre l\u2019\u00e9pouvantail id\u00e9al, raison pour laquelle les critiques des milieux la\u00efques sont rest\u00e9es bien plus feutr\u00e9es que celles entendues \u00e0 droite. Le profil de cet universitaire pond\u00e9r\u00e9 et tout en nuances emp\u00eache de le ranger dans la moindre case. Visiblement fascin\u00e9 par le mod\u00e8le am\u00e9ricain, Ndiaye est un promoteur des&nbsp;<em>Black Studies&nbsp;<\/em>et des recherches intersectionnelles, mais d\u00e9nonce&nbsp;<em>\u00ab&nbsp;l\u2019intol\u00e9rance et le sectarisme&nbsp;\u00bb&nbsp;<\/em>des militants d\u00e9coloniaux.<\/p>\n\n\n\n<p>Dans&nbsp;<em>le Monde<\/em>&nbsp;en 2019, l\u2019historien r\u00e9sumait en une phrase toute la subtilit\u00e9 (l\u2019ambigu\u00eft\u00e9, diraient certains) de sa position\u2009:&nbsp;<em>\u00ab&nbsp;Si l\u2019on veut d\u00e9racialiser la soci\u00e9t\u00e9 \u2013&nbsp;et donc faire de telle sorte que la couleur de la peau n\u2019ait pas plus d\u2019importance que celle des yeux ou des cheveux&nbsp;\u2013, il faut bien commencer par en&nbsp;\u00adparler.&nbsp;\u00bb<\/em>&nbsp;C\u2019est \u00adpourquoi des la\u00efques notoires se refusent \u00e0 le charger.<em>&nbsp;\u00ab&nbsp;Il doit \u00eatre jug\u00e9 sur ses discours et ses actes de ministre, pas sur des pr\u00e9jug\u00e9s reposant sur beaucoup de confusions intellectuelles et id\u00e9ologiques&nbsp;\u00bb<\/em>&nbsp;estime ainsi l\u2019essayiste Philippe&nbsp;Guibert.<\/p>\n\n\n\n<p>UN MACRONISME D&rsquo;OPPORTUNIT\u00c9<\/p>\n\n\n\n<p>Reste que les signaux contradictoires envoy\u00e9s par Emmanuel Macron d\u00e9stabilisent les d\u00e9fenseurs de la la\u00efcit\u00e9. Apr\u00e8s une campagne de 2017 plac\u00e9e sous le signe d\u2019une la\u00efcit\u00e9&nbsp;<em>\u00ab&nbsp;apais\u00e9e&nbsp;\u00bb<\/em>&nbsp;tendant vers le multiculturalisme, le pr\u00e9sident a op\u00e9r\u00e9 une mue spectaculaire au fil du quinquennat\u2026 Assiste-t-on \u00e0 une nouvelle embard\u00e9e\u2009? Au fond, que pense le chef de l\u2019\u00c9tat\u2009?&nbsp;<em>\u00ab&nbsp;Je crois que M. Macron n\u2019est pas un la\u00efque<\/em>&nbsp;estime Jean-Pierre Sakoun.&nbsp;<em>Son histoire, son action, d\u00e9montrent qu\u2019il s\u2019associe plut\u00f4t \u00e0 une ligne concordataire. En r\u00e9alit\u00e9, je pense que le discours des Mureaux et la loi s\u00e9paratisme, que nous avons soutenus, vont dans le sens d\u2019une lutte responsable et indispensable contre le terrorisme, pas dans celui d\u2019un renforcement de la la\u00efcit\u00e9.&nbsp;\u00bb<\/em><\/p>\n\n\n\n<p>Pour Philippe Guibert,&nbsp;<em>\u00ab&nbsp;le macronisme n\u2019a pas de doctrine sur la question r\u00e9publicaine, ou plut\u00f4t il en a plusieurs en fonction des moments et des situations&nbsp;\u00bb.<\/em>&nbsp;L\u2019intellectuel Rapha\u00ebl Enthoven, amer, semble partager cette id\u00e9e d\u2019un pr\u00e9sident&nbsp;cam\u00e9l\u00e9on, mais invoque un autre animal\u2009:&nbsp;<em>\u00ab&nbsp;Telle une chenille qui refuserait de muter en papillon, le macronisme a ostensiblement tourn\u00e9 le dos \u00e0 tous ceux qui, sans m\u00e9nager leur loyaut\u00e9, voulaient lui donner une colonne vert\u00e9brale.&nbsp;\u00bb<\/em><\/p>\n\n\n\n<p>Si cette flexibilit\u00e9 id\u00e9ologique d\u00e9\u00e7oit de nombreux la\u00efques, elle nourrit leur volont\u00e9 d\u2019influencer la ligne gouvernementale, comme le confie Gilles Clavreul\u2009: sans nier la&nbsp;<em>\u00ab&nbsp;d\u00e9ception r\u00e9elle&nbsp;\u00bb<\/em>&nbsp;du Printemps r\u00e9publicain, l\u2019ancien pr\u00e9fet, qui ne regrette pas son soutien \u00e0 Macron,&nbsp;<em>\u00ab&nbsp;esp\u00e8re de nouveaux ajustements apr\u00e8s les l\u00e9gislatives. Le changement de cap du pr\u00e9sident est tellement soudain qu\u2019il peut y en avoir un nouveau dans quelques semaines&nbsp;\u00bb<\/em>. L\u2019avantage d\u2019un pr\u00e9sident plastique, c\u2019est qu\u2019on peut toujours esp\u00e9rer le modeler \u00e0 son go\u00fbt.<\/p>\n\n\n\n<p><strong>Par&nbsp;<\/strong><a href=\"https:\/\/www.marianne.net\/auteur\/hadrien-mathoux\"><strong>Hadrien Mathoux<\/strong><\/a><\/p>\n\n\n\n<p class=\"has-medium-font-size\"><strong><a href=\"https:\/\/unitelaique.org\/wp-content\/uploads\/2022\/06\/Republicains-laiques-27-05-2022-Marianne-H-Mathoux.pdf\">T\u00e9l\u00e9charger l&rsquo;article en PDF<\/a><\/strong><\/p>\n","protected":false},"excerpt":{"rendered":"<p>Signaux contradictoires Par&nbsp;Hadrien Mathoux Publi\u00e9 le&nbsp;27\/05\/2022 dans MarianneLes r\u00e9publicains la\u00efques pro-Macron, grands perdants de sa r\u00e9\u00e9lection (marianne.net) Avec une contribution de Jean-Pierre Sakoun, pr\u00e9sident d&rsquo;Unit\u00e9 La\u00efque, interview\u00e9 et cit\u00e9 par Hadrien Mathoux dans cet article. Ils avaient choisi de soutenir le pr\u00e9sident\u2009: les milieux la\u00efques n&rsquo;ont obtenu ni circonscription aux l\u00e9gislatives ni minist\u00e8re dans un [&hellip;]<\/p>\n","protected":false},"author":7,"featured_media":0,"comment_status":"closed","ping_status":"","sticky":false,"template":"","format":"standard","meta":{"footnotes":""},"categories":[20,6,7],"tags":[],"class_list":["post-3761","post","type-post","status-publish","format-standard","hentry","category-actualites-d-unite-laique","category-actualitelaicite","category-presseetmedias"],"_links":{"self":[{"href":"https:\/\/unitelaique.org\/index.php\/wp-json\/wp\/v2\/posts\/3761","targetHints":{"allow":["GET"]}}],"collection":[{"href":"https:\/\/unitelaique.org\/index.php\/wp-json\/wp\/v2\/posts"}],"about":[{"href":"https:\/\/unitelaique.org\/index.php\/wp-json\/wp\/v2\/types\/post"}],"author":[{"embeddable":true,"href":"https:\/\/unitelaique.org\/index.php\/wp-json\/wp\/v2\/users\/7"}],"replies":[{"embeddable":true,"href":"https:\/\/unitelaique.org\/index.php\/wp-json\/wp\/v2\/comments?post=3761"}],"version-history":[{"count":3,"href":"https:\/\/unitelaique.org\/index.php\/wp-json\/wp\/v2\/posts\/3761\/revisions"}],"predecessor-version":[{"id":3764,"href":"https:\/\/unitelaique.org\/index.php\/wp-json\/wp\/v2\/posts\/3761\/revisions\/3764"}],"wp:attachment":[{"href":"https:\/\/unitelaique.org\/index.php\/wp-json\/wp\/v2\/media?parent=3761"}],"wp:term":[{"taxonomy":"category","embeddable":true,"href":"https:\/\/unitelaique.org\/index.php\/wp-json\/wp\/v2\/categories?post=3761"},{"taxonomy":"post_tag","embeddable":true,"href":"https:\/\/unitelaique.org\/index.php\/wp-json\/wp\/v2\/tags?post=3761"}],"curies":[{"name":"wp","href":"https:\/\/api.w.org\/{rel}","templated":true}]}}