{"id":3773,"date":"2022-06-09T15:44:54","date_gmt":"2022-06-09T13:44:54","guid":{"rendered":"https:\/\/unitelaique.org\/?p=3773"},"modified":"2022-06-09T15:45:12","modified_gmt":"2022-06-09T13:45:12","slug":"le-8-juin-2022-philippe-foussier-vice-presidnet-dunite-laique-sera-a-llhay-les-roses-pour-une-conference-qui-tombe-a-pic","status":"publish","type":"post","link":"https:\/\/unitelaique.org\/index.php\/2022\/06\/09\/le-8-juin-2022-philippe-foussier-vice-presidnet-dunite-laique-sera-a-llhay-les-roses-pour-une-conference-qui-tombe-a-pic\/","title":{"rendered":"Le 8 juin 2022, Philippe Foussier, vice-pr\u00e9sident d&rsquo;Unit\u00e9 La\u00efque, sera \u00e0 l&rsquo;L&rsquo;Ha\u00ff-les-Roses pour une conf\u00e9rence qui tombe \u00e0 pic !"},"content":{"rendered":"<div class=\"wp-block-image is-style-default\">\n<figure class=\"aligncenter size-full\"><img loading=\"lazy\" decoding=\"async\" width=\"682\" height=\"682\" src=\"https:\/\/unitelaique.org\/wp-content\/uploads\/2022\/06\/20220608-Conf-PF-LHay-les-Roses.jpg\" alt=\"\" class=\"wp-image-3772\" srcset=\"https:\/\/unitelaique.org\/wp-content\/uploads\/2022\/06\/20220608-Conf-PF-LHay-les-Roses.jpg 682w, https:\/\/unitelaique.org\/wp-content\/uploads\/2022\/06\/20220608-Conf-PF-LHay-les-Roses-300x300.jpg 300w, https:\/\/unitelaique.org\/wp-content\/uploads\/2022\/06\/20220608-Conf-PF-LHay-les-Roses-150x150.jpg 150w, https:\/\/unitelaique.org\/wp-content\/uploads\/2022\/06\/20220608-Conf-PF-LHay-les-Roses-24x24.jpg 24w, https:\/\/unitelaique.org\/wp-content\/uploads\/2022\/06\/20220608-Conf-PF-LHay-les-Roses-36x36.jpg 36w, https:\/\/unitelaique.org\/wp-content\/uploads\/2022\/06\/20220608-Conf-PF-LHay-les-Roses-48x48.jpg 48w\" sizes=\"auto, (max-width: 682px) 100vw, 682px\" \/><\/figure>\n<\/div>","protected":false},"excerpt":{"rendered":"","protected":false},"author":7,"featured_media":0,"comment_status":"closed","ping_status":"","sticky":false,"template":"","format":"standard","meta":{"footnotes":""},"categories":[20,25],"tags":[],"class_list":["post-3773","post","type-post","status-publish","format-standard","hentry","category-actualites-d-unite-laique","category-colloques-et-tables-rondes"],"_links":{"self":[{"href":"https:\/\/unitelaique.org\/index.php\/wp-json\/wp\/v2\/posts\/3773","targetHints":{"allow":["GET"]}}],"collection":[{"href":"https:\/\/unitelaique.org\/index.php\/wp-json\/wp\/v2\/posts"}],"about":[{"href":"https:\/\/unitelaique.org\/index.php\/wp-json\/wp\/v2\/types\/post"}],"author":[{"embeddable":true,"href":"https:\/\/unitelaique.org\/index.php\/wp-json\/wp\/v2\/users\/7"}],"replies":[{"embeddable":true,"href":"https:\/\/unitelaique.org\/index.php\/wp-json\/wp\/v2\/comments?post=3773"}],"version-history":[{"count":2,"href":"https:\/\/unitelaique.org\/index.php\/wp-json\/wp\/v2\/posts\/3773\/revisions"}],"predecessor-version":[{"id":3775,"href":"https:\/\/unitelaique.org\/index.php\/wp-json\/wp\/v2\/posts\/3773\/revisions\/3775"}],"wp:attachment":[{"href":"https:\/\/unitelaique.org\/index.php\/wp-json\/wp\/v2\/media?parent=3773"}],"wp:term":[{"taxonomy":"category","embeddable":true,"href":"https:\/\/unitelaique.org\/index.php\/wp-json\/wp\/v2\/categories?post=3773"},{"taxonomy":"post_tag","embeddable":true,"href":"https:\/\/unitelaique.org\/index.php\/wp-json\/wp\/v2\/tags?post=3773"}],"curies":[{"name":"wp","href":"https:\/\/api.w.org\/{rel}","templated":true}]}}