{"id":3875,"date":"2022-06-29T17:35:44","date_gmt":"2022-06-29T15:35:44","guid":{"rendered":"https:\/\/unitelaique.org\/?p=3875"},"modified":"2022-06-30T17:43:16","modified_gmt":"2022-06-30T15:43:16","slug":"le-canari-dans-la-mine","status":"publish","type":"post","link":"https:\/\/unitelaique.org\/index.php\/2022\/06\/29\/le-canari-dans-la-mine\/","title":{"rendered":"Le canari dans la mine"},"content":{"rendered":"\n<p><strong><em>Les r\u00e9publicains ont assez averti, l\u2019ont assez r\u00e9p\u00e9t\u00e9\u2026 Lorsqu\u2019on s\u2019en prend aux Juifs, la barbarie et le chaos ne sont pas loin. Comme le canari dans la mine, qui le premier s\u2019asphyxie et pr\u00e9vient ainsi de la diffusion de gaz toxiques, le Juif point\u00e9 du doigt, battu, tortur\u00e9, assassin\u00e9 dans la Cit\u00e9, annonce le pire pour tous les citoyens.<\/em><\/strong><\/p>\n\n\n\n<p>Nous ne ferons pas ici la liste longue, alarmante qui, avant m\u00eame Ilan Halimi en 2006 jusqu\u2019\u00e0 Ren\u00e9 Hadjadj&nbsp; en 2022, a vu se succ\u00e9der meurtres d\u2019enfants, torture et d\u00e9fenestration de vieillards, assassinats, agressions, insultes, vexations. Ce n\u2019est pas \u00eatre raciste que rappeler que la quasi-totalit\u00e9 de ces agressions \u00e9mane de fanatiques islamistes, m\u00eame si la b\u00eate immonde r\u00e9veill\u00e9e par les nazis r\u00f4de toujours au-dessus d\u2019une extr\u00eame-droite qui dans ce domaine ne dira jamais son dernier mot. Ce n\u2019est pas \u00eatre pessimiste que constater qu\u2019\u00e0 chaque atrocit\u00e9 les Fran\u00e7ais sont de moins en moins nombreux \u00e0 s\u2019\u00e9mouvoir et \u00e0 protester, la justice de moins en moins prompte \u00e0 reconna\u00eetre son caract\u00e8re antis\u00e9mite et les responsables politiques de plus en plus enclins \u00e0 la cacher sous le tapis de leur \u00e9lectoralisme, voire \u00e0 nier les faits.<\/p>\n\n\n\n<!--more-->\n\n\n\n<p>Jusqu\u2019au d\u00e9but de l\u2019ann\u00e9e 2022, ces \u00e9v\u00e9nements terribles \u00e9taient perp\u00e9tr\u00e9s par les ennemis de la R\u00e9publique, de la fraternit\u00e9 et de la la\u00efcit\u00e9. Depuis le d\u00e9but de cette ann\u00e9e, on a vu \u00e9merger une complaisance atterrante de certains \u00e9lus.<\/p>\n\n\n\n<p>\u00c0 Grenoble, il a fallu la r\u00e9action de citoyens et d\u2019associations, dont Unit\u00e9 la\u00efque, pour qu\u2019une fresque repr\u00e9sentant une femme v\u00eatue d\u2019un hijab, reprenant les rayures et les couleurs des hardes des d\u00e9port\u00e9s et frapp\u00e9e de l\u2019\u00e9toile jaune soit recouverte. Mais qui l\u2019avait autoris\u00e9e&nbsp;?<\/p>\n\n\n\n<p>\u00c0 Avignon, une peinture murale monumentale mobilisant les codes les plus rep\u00e9rables de l\u2019antis\u00e9mitisme a \u00e9t\u00e9 d\u00e9voil\u00e9e jeudi 23 juin. Elle a \u00e9t\u00e9 r\u00e9alis\u00e9e sur un mur pignon \u00e0 l\u2019entr\u00e9e nord de la ville par un graffeur anti-vaxx, complotiste, montrant patte blanche \u00e0 tous les stigmates du genre.<\/p>\n\n\n\n<p>Il est ahurissant que sur ce b\u00e2timent appartenant \u00e0 la Communaut\u00e9 d\u2019agglom\u00e9ration du Grand Avignon une telle ignominie ait pu trouver sa place, alors que, pour que les autorisations soient d\u00e9livr\u00e9es, le projet a d\u00fb passer entre les mains d\u2019une dizaine d\u2019agents publics. Il est encore plus accablant d\u2019apprendre que la maire socialiste de la Ville d\u2019Avignon et que le pr\u00e9sident divers droite soutenu par le RN du Grand Avignon ont refus\u00e9 l\u2019effacement de la fresque au nom de la \u00ab&nbsp;libert\u00e9 d\u2019expression&nbsp;\u00bb. Il a fallu la fermet\u00e9 d\u2019un pr\u00e9fet r\u00e9publicain, pr\u00e9c\u00e9d\u00e9e de l\u2019action de jeunes militants antiracistes pour que cette ic\u00f4ne antis\u00e9mite soit recouverte de peinture.<\/p>\n\n\n\n<p>Lorsque l\u2019antis\u00e9mitisme est endoss\u00e9 sans un battement de cils par un maire EELV, une maire socialiste, un pr\u00e9sident de communaut\u00e9 divers droite, cela n\u2019a plus rien \u00e0 voir avec la lutte sans merci que nous devons mener contre les ennemis de la R\u00e9publique la\u00efque et les antis\u00e9mites pathologiques. Mais cela a beaucoup \u00e0 voir avec un effondrement moral.<\/p>\n\n\n\n<p>Entre ce mur-pignon au nord d\u2019Avignon et le cimeti\u00e8re de Carpentras, il y a 29 km, 32 ans, 200 000 manifestants et un soutien pr\u00e9sidentiel en moins&nbsp;; trois enfants juifs ex\u00e9cut\u00e9s \u00e0 bout portant, trois vieux juifs tortur\u00e9s, br\u00fbl\u00e9s, d\u00e9fenestr\u00e9s et tant d\u2019autres encore.<\/p>\n\n\n\n<p><strong>Les canaris meurent asphyxi\u00e9s, allons-nous continuer \u00e0 creuser jusqu\u2019\u00e0 l\u2019explosion finale ou retrouverons-nous notre dignit\u00e9&nbsp;?<\/strong><\/p>\n\n\n\n<p class=\"has-medium-font-size\"><strong><a href=\"https:\/\/unitelaique.org\/wp-content\/uploads\/2022\/06\/20220629-Avignon-1.pdf\">T\u00e9l\u00e9charger le communiqu\u00e9 en PDF<\/a><\/strong><\/p>\n","protected":false},"excerpt":{"rendered":"<p>Les r\u00e9publicains ont assez averti, l\u2019ont assez r\u00e9p\u00e9t\u00e9\u2026 Lorsqu\u2019on s\u2019en prend aux Juifs, la barbarie et le chaos ne sont pas loin. Comme le canari dans la mine, qui le premier s\u2019asphyxie et pr\u00e9vient ainsi de la diffusion de gaz toxiques, le Juif point\u00e9 du doigt, battu, tortur\u00e9, assassin\u00e9 dans la Cit\u00e9, annonce le pire [&hellip;]<\/p>\n","protected":false},"author":7,"featured_media":0,"comment_status":"closed","ping_status":"","sticky":false,"template":"","format":"standard","meta":{"footnotes":""},"categories":[4],"tags":[],"class_list":["post-3875","post","type-post","status-publish","format-standard","hentry","category-communiques"],"_links":{"self":[{"href":"https:\/\/unitelaique.org\/index.php\/wp-json\/wp\/v2\/posts\/3875","targetHints":{"allow":["GET"]}}],"collection":[{"href":"https:\/\/unitelaique.org\/index.php\/wp-json\/wp\/v2\/posts"}],"about":[{"href":"https:\/\/unitelaique.org\/index.php\/wp-json\/wp\/v2\/types\/post"}],"author":[{"embeddable":true,"href":"https:\/\/unitelaique.org\/index.php\/wp-json\/wp\/v2\/users\/7"}],"replies":[{"embeddable":true,"href":"https:\/\/unitelaique.org\/index.php\/wp-json\/wp\/v2\/comments?post=3875"}],"version-history":[{"count":6,"href":"https:\/\/unitelaique.org\/index.php\/wp-json\/wp\/v2\/posts\/3875\/revisions"}],"predecessor-version":[{"id":3883,"href":"https:\/\/unitelaique.org\/index.php\/wp-json\/wp\/v2\/posts\/3875\/revisions\/3883"}],"wp:attachment":[{"href":"https:\/\/unitelaique.org\/index.php\/wp-json\/wp\/v2\/media?parent=3875"}],"wp:term":[{"taxonomy":"category","embeddable":true,"href":"https:\/\/unitelaique.org\/index.php\/wp-json\/wp\/v2\/categories?post=3875"},{"taxonomy":"post_tag","embeddable":true,"href":"https:\/\/unitelaique.org\/index.php\/wp-json\/wp\/v2\/tags?post=3875"}],"curies":[{"name":"wp","href":"https:\/\/api.w.org\/{rel}","templated":true}]}}