{"id":4324,"date":"2022-09-20T17:31:31","date_gmt":"2022-09-20T15:31:31","guid":{"rendered":"https:\/\/unitelaique.org\/?p=4324"},"modified":"2022-09-20T17:32:20","modified_gmt":"2022-09-20T15:32:20","slug":"trois-jours-qui-ebranlerent-le-monde","status":"publish","type":"post","link":"https:\/\/unitelaique.org\/index.php\/2022\/09\/20\/trois-jours-qui-ebranlerent-le-monde\/","title":{"rendered":"Trois jours qui \u00e9branl\u00e8rent le monde"},"content":{"rendered":"\n<p><strong><em>De ce jour et de ce lieu date une \u00e8re nouvelle de l\u2019histoire du monde et vous pourrez dire&nbsp;: \u00ab&nbsp;J\u2019y \u00e9tais&nbsp;\u00bb.<\/em><\/strong><br><strong><em>Johann Wolfgang Goethe<\/em><\/strong><br><strong><em>20 septembre 1792 Valmy<\/em><\/strong><\/p>\n\n\n\n<p>Unit\u00e9 la\u00efque c\u00e9l\u00e8bre avec \u00e9motion le 230<sup>\u00e8me<\/sup> anniversaire de ces trois journ\u00e9es qui ont chang\u00e9 le monde et transform\u00e9 la plus peupl\u00e9e, la plus puissante et le plus absolue des monarchies europ\u00e9ennes en une R\u00e9publique souveraine, d\u00e9cha\u00eenant la haine de tous les autocrates de droit divin et soulevant jusqu\u2019aujourd\u2019hui l\u2019espoir de tous les peuples en lutte pour leur \u00e9mancipation.<\/p>\n\n\n\n<p>En 2022 comme en 1792, lorsqu\u2019on on chante la libert\u00e9, on chante La Marseillaise.<\/p>\n\n\n\n<p>Notre combat ne sera jamais achev\u00e9 et l\u2019exemple de nos a\u00een\u00e9s reste la plus exaltante le\u00e7on de libert\u00e9, d\u2019\u00e9galit\u00e9 et de fraternit\u00e9 qui ait pu nous \u00eatre donn\u00e9e.<\/p>\n\n\n\n<p class=\"has-text-color has-medium-font-size\" style=\"color:#1d558c\"><strong>20 septembre 1792&nbsp;: victoire de Valmy<\/strong><\/p>\n\n\n\n<p class=\"has-medium-font-size\"><strong>21 septembre 1792&nbsp;: proclamation de l\u2019abolition de la royaut\u00e9 par la Convention<\/strong><\/p>\n\n\n\n<p class=\"has-vivid-red-color has-text-color has-medium-font-size\"><strong>22 septembre 1792&nbsp;: proclamation de la R\u00e9publique fran\u00e7aise par la Convention<\/strong><\/p>\n\n\n\n<p class=\"has-medium-font-size\"><strong><a href=\"https:\/\/unitelaique.org\/wp-content\/uploads\/2022\/09\/20220920-Valmy.pdf\">T\u00e9l\u00e9charger le communiqu\u00e9 en PDF<\/a><\/strong><\/p>\n","protected":false},"excerpt":{"rendered":"<p>De ce jour et de ce lieu date une \u00e8re nouvelle de l\u2019histoire du monde et vous pourrez dire&nbsp;: \u00ab&nbsp;J\u2019y \u00e9tais&nbsp;\u00bb.Johann Wolfgang Goethe20 septembre 1792 Valmy Unit\u00e9 la\u00efque c\u00e9l\u00e8bre avec \u00e9motion le 230\u00e8me anniversaire de ces trois journ\u00e9es qui ont chang\u00e9 le monde et transform\u00e9 la plus peupl\u00e9e, la plus puissante et le plus absolue [&hellip;]<\/p>\n","protected":false},"author":7,"featured_media":0,"comment_status":"closed","ping_status":"","sticky":false,"template":"","format":"standard","meta":{"footnotes":""},"categories":[4],"tags":[],"class_list":["post-4324","post","type-post","status-publish","format-standard","hentry","category-communiques"],"_links":{"self":[{"href":"https:\/\/unitelaique.org\/index.php\/wp-json\/wp\/v2\/posts\/4324","targetHints":{"allow":["GET"]}}],"collection":[{"href":"https:\/\/unitelaique.org\/index.php\/wp-json\/wp\/v2\/posts"}],"about":[{"href":"https:\/\/unitelaique.org\/index.php\/wp-json\/wp\/v2\/types\/post"}],"author":[{"embeddable":true,"href":"https:\/\/unitelaique.org\/index.php\/wp-json\/wp\/v2\/users\/7"}],"replies":[{"embeddable":true,"href":"https:\/\/unitelaique.org\/index.php\/wp-json\/wp\/v2\/comments?post=4324"}],"version-history":[{"count":2,"href":"https:\/\/unitelaique.org\/index.php\/wp-json\/wp\/v2\/posts\/4324\/revisions"}],"predecessor-version":[{"id":4329,"href":"https:\/\/unitelaique.org\/index.php\/wp-json\/wp\/v2\/posts\/4324\/revisions\/4329"}],"wp:attachment":[{"href":"https:\/\/unitelaique.org\/index.php\/wp-json\/wp\/v2\/media?parent=4324"}],"wp:term":[{"taxonomy":"category","embeddable":true,"href":"https:\/\/unitelaique.org\/index.php\/wp-json\/wp\/v2\/categories?post=4324"},{"taxonomy":"post_tag","embeddable":true,"href":"https:\/\/unitelaique.org\/index.php\/wp-json\/wp\/v2\/tags?post=4324"}],"curies":[{"name":"wp","href":"https:\/\/api.w.org\/{rel}","templated":true}]}}