{"id":4385,"date":"2022-09-24T16:00:00","date_gmt":"2022-09-24T14:00:00","guid":{"rendered":"https:\/\/unitelaique.org\/?p=4385"},"modified":"2022-09-24T18:14:10","modified_gmt":"2022-09-24T16:14:10","slug":"rencontres-dautomne-dunite-laique-table-ronde-1-lecole-mere-de-toutes-les-batailles","status":"publish","type":"post","link":"https:\/\/unitelaique.org\/index.php\/2022\/09\/24\/rencontres-dautomne-dunite-laique-table-ronde-1-lecole-mere-de-toutes-les-batailles\/","title":{"rendered":"Rencontres d&rsquo;Automne d&rsquo;Unit\u00e9 La\u00efque"},"content":{"rendered":"\n<p><strong>Palais du Luxembourg &#8211; Salle M\u00e9dicis &#8211; samedi 8 octobre 2022 &#8211; 09H30-17H30<\/strong><\/p>\n\n\n\n<p class=\"has-vivid-red-color has-text-color has-large-font-size\"><strong>Table Ronde 1 : L&rsquo;\u00e9cole, m\u00e8re de toutes les batailles<\/strong><\/p>\n\n\n\n<p class=\"has-medium-font-size\"><strong><em>L\u2019\u00e9cole est le pilier de la R\u00e9publique, mais elle a \u00e9t\u00e9 affaiblie par des r\u00e9formes dangereuses et une partie de la jeunesse semble s\u2019\u00e9loigner des id\u00e9aux politiques qui font le socle de notre mod\u00e8le politique. Les Fran\u00e7ais ont conscience des menaces pour notre pays si l\u2019\u00e9cole ne joue pas son r\u00f4le de formation des citoyens. Comment s\u2019engager sur la voie de la reconstruction&nbsp;?<\/em><\/strong><\/p>\n\n\n\n<p class=\"has-vivid-red-color has-text-color has-medium-font-size\"><strong>10h00-11h15&nbsp;:&nbsp;Table ronde 1 \u2013 L\u2019\u00c9cole, m\u00e8re de toutes les batailles<\/strong><\/p>\n\n\n\n<p><strong>Pr\u00e9sidente de s\u00e9ance<\/strong>&nbsp;:&nbsp;<strong><em>Khadija Unal<\/em><\/strong>, vice-pr\u00e9sidente d\u2019Unit\u00e9 la\u00efque<\/p>\n\n\n\n<p><strong>Experte&nbsp;:&nbsp;<em>Marie Perret<\/em><\/strong>, pr\u00e9sidente de l\u2019Association des professeurs de philosophie de l\u2019enseignement public (APPEP)<\/p>\n\n\n\n<p><strong>Animateur&nbsp;<\/strong>:&nbsp;<strong><em>Hadrien Mathoux<\/em><\/strong>, journaliste \u00e0 Marianne<\/p>\n\n\n\n<p><strong>Invit\u00e9s politiques\u00a0<\/strong>:\u00a0<strong><em>Jean-Michel Blanquer<\/em><\/strong>, ancien ministre<strong>\u00a0<\/strong>et\u00a0<strong><em>Micha\u00ebl Delafosse<\/em><\/strong>, maire de Montpellier, pr\u00e9sident de Montpellier M\u00e9diterran\u00e9e M\u00e9tropole<\/p>\n\n\n\n<div class=\"wp-block-columns is-layout-flex wp-container-core-columns-is-layout-9d6595d7 wp-block-columns-is-layout-flex\">\n<div class=\"wp-block-column is-layout-flow wp-block-column-is-layout-flow\"><div class=\"wp-block-image\">\n<figure class=\"aligncenter size-full is-resized\"><img loading=\"lazy\" decoding=\"async\" src=\"https:\/\/unitelaique.org\/wp-content\/uploads\/2022\/09\/Marie-Perret.jpg\" alt=\"\" class=\"wp-image-4415\" width=\"168\" height=\"207\" srcset=\"https:\/\/unitelaique.org\/wp-content\/uploads\/2022\/09\/Marie-Perret.jpg 225w, https:\/\/unitelaique.org\/wp-content\/uploads\/2022\/09\/Marie-Perret-19x24.jpg 19w, https:\/\/unitelaique.org\/wp-content\/uploads\/2022\/09\/Marie-Perret-29x36.jpg 29w, https:\/\/unitelaique.org\/wp-content\/uploads\/2022\/09\/Marie-Perret-39x48.jpg 39w\" sizes=\"auto, (max-width: 168px) 100vw, 168px\" \/><figcaption>Marie Perret<\/figcaption><\/figure>\n<\/div><\/div>\n\n\n\n<div class=\"wp-block-column is-layout-flow wp-block-column-is-layout-flow\"><div class=\"wp-block-image\">\n<figure class=\"aligncenter size-full is-resized\"><img loading=\"lazy\" decoding=\"async\" src=\"https:\/\/unitelaique.org\/wp-content\/uploads\/2022\/09\/Hadrien-Mathoux.jpg\" alt=\"\" class=\"wp-image-4411\" width=\"181\" height=\"207\" srcset=\"https:\/\/unitelaique.org\/wp-content\/uploads\/2022\/09\/Hadrien-Mathoux.jpg 106w, https:\/\/unitelaique.org\/wp-content\/uploads\/2022\/09\/Hadrien-Mathoux-21x24.jpg 21w, https:\/\/unitelaique.org\/wp-content\/uploads\/2022\/09\/Hadrien-Mathoux-32x36.jpg 32w, https:\/\/unitelaique.org\/wp-content\/uploads\/2022\/09\/Hadrien-Mathoux-42x48.jpg 42w\" sizes=\"auto, (max-width: 181px) 100vw, 181px\" \/><figcaption>Hadrien Mathoux<\/figcaption><\/figure>\n<\/div><\/div>\n\n\n\n<div class=\"wp-block-column is-layout-flow wp-block-column-is-layout-flow\"><div class=\"wp-block-image\">\n<figure class=\"aligncenter size-full is-resized\"><img loading=\"lazy\" decoding=\"async\" src=\"https:\/\/unitelaique.org\/wp-content\/uploads\/2022\/09\/Jean-Michel-Blanquer.jpg\" alt=\"\" class=\"wp-image-4414\" width=\"178\" height=\"208\" srcset=\"https:\/\/unitelaique.org\/wp-content\/uploads\/2022\/09\/Jean-Michel-Blanquer.jpg 104w, https:\/\/unitelaique.org\/wp-content\/uploads\/2022\/09\/Jean-Michel-Blanquer-21x24.jpg 21w, https:\/\/unitelaique.org\/wp-content\/uploads\/2022\/09\/Jean-Michel-Blanquer-31x36.jpg 31w, https:\/\/unitelaique.org\/wp-content\/uploads\/2022\/09\/Jean-Michel-Blanquer-41x48.jpg 41w\" sizes=\"auto, (max-width: 178px) 100vw, 178px\" \/><figcaption>Jean-Michel Blanquer<\/figcaption><\/figure>\n<\/div><\/div>\n\n\n\n<div class=\"wp-block-column is-layout-flow wp-block-column-is-layout-flow\"><div class=\"wp-block-image\">\n<figure class=\"aligncenter size-full is-resized\"><img loading=\"lazy\" decoding=\"async\" src=\"https:\/\/unitelaique.org\/wp-content\/uploads\/2022\/09\/Michael-Delafosse.jpg\" alt=\"\" class=\"wp-image-4416\" width=\"171\" height=\"211\" srcset=\"https:\/\/unitelaique.org\/wp-content\/uploads\/2022\/09\/Michael-Delafosse.jpg 98w, https:\/\/unitelaique.org\/wp-content\/uploads\/2022\/09\/Michael-Delafosse-19x24.jpg 19w, https:\/\/unitelaique.org\/wp-content\/uploads\/2022\/09\/Michael-Delafosse-29x36.jpg 29w, https:\/\/unitelaique.org\/wp-content\/uploads\/2022\/09\/Michael-Delafosse-39x48.jpg 39w\" sizes=\"auto, (max-width: 171px) 100vw, 171px\" \/><figcaption>Micha\u00ebl Delafosse<\/figcaption><\/figure>\n<\/div><\/div>\n<\/div>\n","protected":false},"excerpt":{"rendered":"<p>Palais du Luxembourg &#8211; Salle M\u00e9dicis &#8211; samedi 8 octobre 2022 &#8211; 09H30-17H30 Table Ronde 1 : L&rsquo;\u00e9cole, m\u00e8re de toutes les batailles L\u2019\u00e9cole est le pilier de la R\u00e9publique, mais elle a \u00e9t\u00e9 affaiblie par des r\u00e9formes dangereuses et une partie de la jeunesse semble s\u2019\u00e9loigner des id\u00e9aux politiques qui font le socle de [&hellip;]<\/p>\n","protected":false},"author":7,"featured_media":0,"comment_status":"closed","ping_status":"","sticky":false,"template":"","format":"standard","meta":{"footnotes":""},"categories":[31],"tags":[],"class_list":["post-4385","post","type-post","status-publish","format-standard","hentry","category-les-rencontres-dunite-laique"],"_links":{"self":[{"href":"https:\/\/unitelaique.org\/index.php\/wp-json\/wp\/v2\/posts\/4385","targetHints":{"allow":["GET"]}}],"collection":[{"href":"https:\/\/unitelaique.org\/index.php\/wp-json\/wp\/v2\/posts"}],"about":[{"href":"https:\/\/unitelaique.org\/index.php\/wp-json\/wp\/v2\/types\/post"}],"author":[{"embeddable":true,"href":"https:\/\/unitelaique.org\/index.php\/wp-json\/wp\/v2\/users\/7"}],"replies":[{"embeddable":true,"href":"https:\/\/unitelaique.org\/index.php\/wp-json\/wp\/v2\/comments?post=4385"}],"version-history":[{"count":6,"href":"https:\/\/unitelaique.org\/index.php\/wp-json\/wp\/v2\/posts\/4385\/revisions"}],"predecessor-version":[{"id":4421,"href":"https:\/\/unitelaique.org\/index.php\/wp-json\/wp\/v2\/posts\/4385\/revisions\/4421"}],"wp:attachment":[{"href":"https:\/\/unitelaique.org\/index.php\/wp-json\/wp\/v2\/media?parent=4385"}],"wp:term":[{"taxonomy":"category","embeddable":true,"href":"https:\/\/unitelaique.org\/index.php\/wp-json\/wp\/v2\/categories?post=4385"},{"taxonomy":"post_tag","embeddable":true,"href":"https:\/\/unitelaique.org\/index.php\/wp-json\/wp\/v2\/tags?post=4385"}],"curies":[{"name":"wp","href":"https:\/\/api.w.org\/{rel}","templated":true}]}}