{"id":4824,"date":"2022-12-17T13:22:00","date_gmt":"2022-12-17T12:22:00","guid":{"rendered":"https:\/\/unitelaique.org\/?p=4824"},"modified":"2022-12-20T14:41:13","modified_gmt":"2022-12-20T13:41:13","slug":"le-cafe-laique-bruxelles-attaque-par-des-extremistes-transgenres","status":"publish","type":"post","link":"https:\/\/unitelaique.org\/index.php\/2022\/12\/17\/le-cafe-laique-bruxelles-attaque-par-des-extremistes-transgenres\/","title":{"rendered":"Le Caf\u00e9 La\u00efque Bruxelles attaqu\u00e9 par des extr\u00e9mistes transactivistes."},"content":{"rendered":"\n<p style=\"font-size:19px\"><a href=\"https:\/\/unitelaique.org\/wp-content\/uploads\/2022\/12\/20221217-Agression-du-Cafe-Laique-Bruxelles-Florence-BB.pdf\"><strong>Retrouvez ici la tribune de Florence Bergeaud-Blackler, co-fondatrice du Caf\u00e9 La\u00efque Bruxelles<\/strong><\/a><\/p>\n\n\n\n<p><a href=\"https:\/\/www.youtube.com\/watch?v=4y2rx8hJU0o\"><strong>La vid\u00e9o du d\u00e9but de la conf\u00e9rence et l&rsquo;irruption des terroristes<\/strong><\/a><\/p>\n\n\n<div class=\"wp-block-image\">\n<figure class=\"alignleft size-full is-resized\"><img loading=\"lazy\" decoding=\"async\" src=\"https:\/\/unitelaique.org\/wp-content\/uploads\/2022\/12\/Cafe-laique-Bruxelles-2.jpg\" alt=\"\" class=\"wp-image-4828\" width=\"312\" height=\"195\" srcset=\"https:\/\/unitelaique.org\/wp-content\/uploads\/2022\/12\/Cafe-laique-Bruxelles-2.jpg 698w, https:\/\/unitelaique.org\/wp-content\/uploads\/2022\/12\/Cafe-laique-Bruxelles-2-300x187.jpg 300w, https:\/\/unitelaique.org\/wp-content\/uploads\/2022\/12\/Cafe-laique-Bruxelles-2-24x15.jpg 24w, https:\/\/unitelaique.org\/wp-content\/uploads\/2022\/12\/Cafe-laique-Bruxelles-2-36x22.jpg 36w, https:\/\/unitelaique.org\/wp-content\/uploads\/2022\/12\/Cafe-laique-Bruxelles-2-48x30.jpg 48w\" sizes=\"auto, (max-width: 312px) 100vw, 312px\" \/><\/figure>\n<\/div>\n\n\n<p>Le 15 d\u00e9cembre 2022, Caroline Eliacheff, p\u00e9do-psychiatre et C\u00e9line Masson, psychanalyste, deux chercheuses de haut niveau, dont le livre \u00ab\u00a0La Fabrique de l&rsquo;enfant transgenre vient d&rsquo;\u00eatre publi\u00e9 aux Editions de l&rsquo;Observatoire (<a href=\"https:\/\/www.editions-observatoire.com\/content\/La_fabrique_de_l%E2%80%99enfant_transgenre\">La fabrique de l\u2019enfant transgenre &#8211; C\u00e9line Masson &#8211; | Maison de litt\u00e9rature g\u00e9n\u00e9rale (editions-observatoire.com)<\/a>) donnaient une conf\u00e9rence au Caf\u00e9 La\u00efque Bruxelles, \u00e0 l&rsquo;invitation des deux inflexibles combattantes de l&rsquo;\u00e9mancipation et de la la\u00efcit\u00e9, Fadila Maaroufi et Florence Bergeaud-Blackler, qui en sont les fondatrices et les animatrices.<\/p>\n\n\n\n<p>Comme c&rsquo;est d\u00e9sormais de plus en plus souvent le cas, les petits nervis fascisto\u00efdes qui veulent se croire r\u00e9volutionnaires, repr\u00e9sent\u00e9s cette fois par un obscur \u00ab\u00a0Collectif Ursula\u00a0\u00bb ont tent\u00e9 d&#8217;emp\u00eacher les deux auteurs, de parler, avec violence et haine.<\/p>\n\n\n\n<p><br>Le courage de nos amies et le calme des participants ont permis que la conf\u00e9rence se tienne, apr\u00e8s que la police, h\u00e9las bien absente pour prot\u00e9ger cette conf\u00e9rence, malgr\u00e9 le signalement fait par le Caf\u00e9 La\u00efque, qui avait re\u00e7u des messages de menace anonymes, fut intervenue pour chasser les casseurs.<\/p>\n\n\n\n<p>Notre r\u00e9probation de ces actes inadmissibles tient tout d&rsquo;abord au refus des militants extr\u00e9mistes transgenres ou d&rsquo;ailleurs plus g\u00e9n\u00e9ralement de toute la mouvance woke, indig\u00e9niste, antila\u00efque, de laisser s&rsquo;exprimer des d\u00e9mocrates et des r\u00e9publicains sinc\u00e8res, qu&rsquo;ils ont l&rsquo;outrecuidance et l&rsquo;ind\u00e9cence de traiter de fascistes et de soutiens de l&rsquo;extr\u00eame-droite, alors que ce sont eux qui emploient des m\u00e9thodes de SA.<\/p>\n\n\n\n<p>Par ailleurs, nous consid\u00e9rons que si les adultes sont libres de leur corps et de leurs choix de vie, l&rsquo;incitation \u00e0 faire subir \u00e0 des enfants ou des adolescents des op\u00e9rations barbares, d\u00e9finitivement mutilantes, irr\u00e9versibles, qui placeront pour toute leur vie ces \u00eatres humains dans la d\u00e9pendance m\u00e9dicale, sont criminelles.<\/p>\n\n\n\n<p>De nombreux pays parmi les plus en pointe sur ce chemin d\u00e9lirant, Etats-Unis, Grande-Bretagne, Su\u00e8de, ont pris conscience de l&rsquo;horreur et du danger que repr\u00e9sentent ces actes perp\u00e9tr\u00e9s sur des mineurs et les restreignent voire les interdisent de plus en plus.<\/p>\n\n\n\n<p>Ces op\u00e9rations, cette boucherie, ne peuvent que nous faire penser \u00e0 l&rsquo;eug\u00e9nisme nazi et aux \u00ab\u00a0exp\u00e9riences\u00a0\u00bb tent\u00e9es dans des lieux de sinistre m\u00e9moire.<\/p>\n\n\n\n<p>Et puisqu&rsquo;il faut aujourd&rsquo;hui le dire, le spectre \u00e9pouvantable de la d\u00e9shumanisation plane sur ces pratiques. Et nous avons nons seulement le droit mais aussi le devoir de le dire !<\/p>\n\n\n\n<p style=\"font-size:19px\"><a href=\"https:\/\/unitelaique.org\/wp-content\/uploads\/2022\/12\/20221217-Agression-du-Cafe-Laique-Bruxelles-Florence-BB.pdf\"><strong>Retrouvez ici la tribune de Florence Bergeaud-Blackler, co-fondatrice du Caf\u00e9 La\u00efque Bruxelles<\/strong><\/a><\/p>\n\n\n\n<p><a href=\"https:\/\/www.youtube.com\/watch?v=4y2rx8hJU0o\"><strong>La vid\u00e9o du d\u00e9but de la conf\u00e9rence et l&rsquo;irruption des terroristes<\/strong><\/a><\/p>\n","protected":false},"excerpt":{"rendered":"<p>Retrouvez ici la tribune de Florence Bergeaud-Blackler, co-fondatrice du Caf\u00e9 La\u00efque Bruxelles La vid\u00e9o du d\u00e9but de la conf\u00e9rence et l&rsquo;irruption des terroristes Le 15 d\u00e9cembre 2022, Caroline Eliacheff, p\u00e9do-psychiatre et C\u00e9line Masson, psychanalyste, deux chercheuses de haut niveau, dont le livre \u00ab\u00a0La Fabrique de l&rsquo;enfant transgenre vient d&rsquo;\u00eatre publi\u00e9 aux Editions de l&rsquo;Observatoire (La [&hellip;]<\/p>\n","protected":false},"author":7,"featured_media":0,"comment_status":"closed","ping_status":"","sticky":false,"template":"","format":"standard","meta":{"footnotes":""},"categories":[1,6],"tags":[],"class_list":["post-4824","post","type-post","status-publish","format-standard","hentry","category-actualite","category-actualitelaicite"],"_links":{"self":[{"href":"https:\/\/unitelaique.org\/index.php\/wp-json\/wp\/v2\/posts\/4824","targetHints":{"allow":["GET"]}}],"collection":[{"href":"https:\/\/unitelaique.org\/index.php\/wp-json\/wp\/v2\/posts"}],"about":[{"href":"https:\/\/unitelaique.org\/index.php\/wp-json\/wp\/v2\/types\/post"}],"author":[{"embeddable":true,"href":"https:\/\/unitelaique.org\/index.php\/wp-json\/wp\/v2\/users\/7"}],"replies":[{"embeddable":true,"href":"https:\/\/unitelaique.org\/index.php\/wp-json\/wp\/v2\/comments?post=4824"}],"version-history":[{"count":10,"href":"https:\/\/unitelaique.org\/index.php\/wp-json\/wp\/v2\/posts\/4824\/revisions"}],"predecessor-version":[{"id":4929,"href":"https:\/\/unitelaique.org\/index.php\/wp-json\/wp\/v2\/posts\/4824\/revisions\/4929"}],"wp:attachment":[{"href":"https:\/\/unitelaique.org\/index.php\/wp-json\/wp\/v2\/media?parent=4824"}],"wp:term":[{"taxonomy":"category","embeddable":true,"href":"https:\/\/unitelaique.org\/index.php\/wp-json\/wp\/v2\/categories?post=4824"},{"taxonomy":"post_tag","embeddable":true,"href":"https:\/\/unitelaique.org\/index.php\/wp-json\/wp\/v2\/tags?post=4824"}],"curies":[{"name":"wp","href":"https:\/\/api.w.org\/{rel}","templated":true}]}}