{"id":5592,"date":"2023-06-02T16:59:38","date_gmt":"2023-06-02T14:59:38","guid":{"rendered":"https:\/\/unitelaique.org\/?p=5592"},"modified":"2023-06-02T17:02:41","modified_gmt":"2023-06-02T15:02:41","slug":"le-regard-des-francais-sur-la-laicite","status":"publish","type":"post","link":"https:\/\/unitelaique.org\/index.php\/2023\/06\/02\/le-regard-des-francais-sur-la-laicite\/","title":{"rendered":"Le regard des Fran\u00e7ais sur la la\u00efcit\u00e9"},"content":{"rendered":"\n<p>Alors que le ministre de l\u2019\u00c9ducation nationale Pap Ndiaye a indiqu\u00e9 ce dimanche 7 mai qu\u2019environ 500 cas d\u2019atteintes \u00e0 la la\u00efcit\u00e9 avaient \u00e9t\u00e9 recens\u00e9s en mars dans les \u00e9coles, coll\u00e8ges et lyc\u00e9es, Ifop-Fiducial pour Sud Radio a interrog\u00e9 les Fran\u00e7ais sur leur regard concernant la la\u00efcit\u00e9.<\/p>\n\n\n\n<p>D\u2019une part, la la\u00efcit\u00e9 est per\u00e7ue comme menac\u00e9e par une nette majorit\u00e9 de Fran\u00e7ais (67%), un chiffre majoritaire dans toutes les cat\u00e9gories de la population, mais qui baisse tout de m\u00eame de 11 points par rapport \u00e0 octobre 2019 : p\u00e9riode marqu\u00e9e par l\u2019assassinat de Samuel Paty.<\/p>\n\n\n\n<p>D\u2019autre part, concernant la d\u00e9finition donn\u00e9e par l\u2019opinion au principe de la la\u00efcit\u00e9, la s\u00e9paration des religions et la politique (28%) prime, avant le fait d\u2019assurer la libert\u00e9 de conscience (23%) et de mettre toutes les religions sur un pied d\u2019\u00e9galit\u00e9 (21% contre 32% en 2005, soit une baisse significative de 11 points).<\/p>\n\n\n\n<p>En outre, une large majorit\u00e9 de Fran\u00e7ais (71% en mai 2023) souhaite garder la loi de s\u00e9paration des \u00e9glises et de l\u2019Etat telle qu\u2019elle est \u2013 un chiffre stable dans le temps (70% en 2020) \u2013 contre 21% qui d\u00e9sirent l\u2019assouplir et 8% (contre 5% en mars 2019) la supprimer.<\/p>\n\n\n\n<p>Enfin, une minorit\u00e9 de Fran\u00e7ais (27%) adh\u00e8re \u00e0 la suppression des jours f\u00e9ri\u00e9s qui font r\u00e9f\u00e9rence aux f\u00eates religieuses dans le calendrier r\u00e9publicain (P\u00e2ques, l\u2019Ascension\u2026), en rempla\u00e7ant ces jours f\u00e9ri\u00e9s par d\u2019autres c\u00e9l\u00e9brations ou \u201cf\u00eates la\u00efques\u201d. En s\u2019int\u00e9ressant \u00e0 la proximit\u00e9 politique, notons que les sympathisants d\u2019Europe Ecologie les Verts se distinguent et sont les seuls \u00e0 y \u00eatre majoritairement favorables (53%).<\/p>\n\n\n\n<p><\/p>\n\n\n\n<p><strong><a href=\"https:\/\/www.ifop.com\/publication\/le-regard-des-francais-sur-la-laicite\/\">Consultez ici les r\u00e9sultats du sondage<\/a><\/strong><\/p>\n","protected":false},"excerpt":{"rendered":"<p>Alors que le ministre de l\u2019\u00c9ducation nationale Pap Ndiaye a indiqu\u00e9 ce dimanche 7 mai qu\u2019environ 500 cas d\u2019atteintes \u00e0 la la\u00efcit\u00e9 avaient \u00e9t\u00e9 recens\u00e9s en mars dans les \u00e9coles, coll\u00e8ges et lyc\u00e9es, Ifop-Fiducial pour Sud Radio a interrog\u00e9 les Fran\u00e7ais sur leur regard concernant la la\u00efcit\u00e9. D\u2019une part, la la\u00efcit\u00e9 est per\u00e7ue comme menac\u00e9e [&hellip;]<\/p>\n","protected":false},"author":7,"featured_media":0,"comment_status":"closed","ping_status":"","sticky":false,"template":"","format":"standard","meta":{"footnotes":""},"categories":[10],"tags":[],"class_list":["post-5592","post","type-post","status-publish","format-standard","hentry","category-enquetes-et-etudes"],"_links":{"self":[{"href":"https:\/\/unitelaique.org\/index.php\/wp-json\/wp\/v2\/posts\/5592","targetHints":{"allow":["GET"]}}],"collection":[{"href":"https:\/\/unitelaique.org\/index.php\/wp-json\/wp\/v2\/posts"}],"about":[{"href":"https:\/\/unitelaique.org\/index.php\/wp-json\/wp\/v2\/types\/post"}],"author":[{"embeddable":true,"href":"https:\/\/unitelaique.org\/index.php\/wp-json\/wp\/v2\/users\/7"}],"replies":[{"embeddable":true,"href":"https:\/\/unitelaique.org\/index.php\/wp-json\/wp\/v2\/comments?post=5592"}],"version-history":[{"count":2,"href":"https:\/\/unitelaique.org\/index.php\/wp-json\/wp\/v2\/posts\/5592\/revisions"}],"predecessor-version":[{"id":5595,"href":"https:\/\/unitelaique.org\/index.php\/wp-json\/wp\/v2\/posts\/5592\/revisions\/5595"}],"wp:attachment":[{"href":"https:\/\/unitelaique.org\/index.php\/wp-json\/wp\/v2\/media?parent=5592"}],"wp:term":[{"taxonomy":"category","embeddable":true,"href":"https:\/\/unitelaique.org\/index.php\/wp-json\/wp\/v2\/categories?post=5592"},{"taxonomy":"post_tag","embeddable":true,"href":"https:\/\/unitelaique.org\/index.php\/wp-json\/wp\/v2\/tags?post=5592"}],"curies":[{"name":"wp","href":"https:\/\/api.w.org\/{rel}","templated":true}]}}