{"id":5643,"date":"2023-06-07T14:18:54","date_gmt":"2023-06-07T12:18:54","guid":{"rendered":"https:\/\/unitelaique.org\/?p=5643"},"modified":"2023-06-08T19:14:57","modified_gmt":"2023-06-08T17:14:57","slug":"le-triomphe-de-limposture-pseudo-laique-2","status":"publish","type":"post","link":"https:\/\/unitelaique.org\/index.php\/2023\/06\/07\/le-triomphe-de-limposture-pseudo-laique-2\/","title":{"rendered":"Le triomphe de l&rsquo;imposture pseudo-la\u00efque"},"content":{"rendered":"\n<p class=\"has-medium-font-size\"><strong><a href=\"https:\/\/www.lepoint.fr\/societe\/le-triomphe-de-l-imposture-pseudo-laique-23-05-2023-2521297_23.php#xtmc=aline-girard&amp;xtnp=1&amp;xtcr=2\">Une tribune d&rsquo;Aline Girard, secr\u00e9taire g\u00e9n\u00e9rale d&rsquo;UL, paru dans Le Point le 23 mai<\/a><\/strong><\/p>\n\n\n\n<figure class=\"wp-block-image size-full\"><img loading=\"lazy\" decoding=\"async\" width=\"656\" height=\"280\" src=\"https:\/\/unitelaique.org\/wp-content\/uploads\/2023\/06\/Triomphe-imposture-pseudo-laique-Le-Point.jpg\" alt=\"\" class=\"wp-image-5647\" srcset=\"https:\/\/unitelaique.org\/wp-content\/uploads\/2023\/06\/Triomphe-imposture-pseudo-laique-Le-Point.jpg 656w, https:\/\/unitelaique.org\/wp-content\/uploads\/2023\/06\/Triomphe-imposture-pseudo-laique-Le-Point-300x128.jpg 300w, https:\/\/unitelaique.org\/wp-content\/uploads\/2023\/06\/Triomphe-imposture-pseudo-laique-Le-Point-24x10.jpg 24w, https:\/\/unitelaique.org\/wp-content\/uploads\/2023\/06\/Triomphe-imposture-pseudo-laique-Le-Point-36x15.jpg 36w, https:\/\/unitelaique.org\/wp-content\/uploads\/2023\/06\/Triomphe-imposture-pseudo-laique-Le-Point-48x20.jpg 48w\" sizes=\"auto, (max-width: 656px) 100vw, 656px\" \/><\/figure>\n\n\n\n<p><\/p>\n\n\n\n<p><strong>O\u00f9 il est question de  feu l&rsquo;Observatoire de la la\u00efcit\u00e9, de La Vigie de la la\u00efcit\u00e9, de Coexister et de quelques autres.<\/strong> <\/p>\n\n\n\n<p>Pour en savoir plus, plongez vous dans le livre d&rsquo;Aline Girard <em><strong><a href=\"https:\/\/unitelaique.org\/index.php\/2023\/04\/22\/vers-une-societe-communautariste-et-confessionnelle\/\">Vers une soci\u00e9t\u00e9 communautariste et confessionnelle. Le cas Samuel Grzybowski<\/a>.<\/strong><\/em><\/p>\n","protected":false},"excerpt":{"rendered":"<p>Une tribune d&rsquo;Aline Girard, secr\u00e9taire g\u00e9n\u00e9rale d&rsquo;UL, paru dans Le Point le 23 mai O\u00f9 il est question de feu l&rsquo;Observatoire de la la\u00efcit\u00e9, de La Vigie de la la\u00efcit\u00e9, de Coexister et de quelques autres. Pour en savoir plus, plongez vous dans le livre d&rsquo;Aline Girard Vers une soci\u00e9t\u00e9 communautariste et confessionnelle. Le cas [&hellip;]<\/p>\n","protected":false},"author":7,"featured_media":0,"comment_status":"closed","ping_status":"","sticky":false,"template":"","format":"standard","meta":{"footnotes":""},"categories":[6,7],"tags":[],"class_list":["post-5643","post","type-post","status-publish","format-standard","hentry","category-actualitelaicite","category-presseetmedias"],"_links":{"self":[{"href":"https:\/\/unitelaique.org\/index.php\/wp-json\/wp\/v2\/posts\/5643","targetHints":{"allow":["GET"]}}],"collection":[{"href":"https:\/\/unitelaique.org\/index.php\/wp-json\/wp\/v2\/posts"}],"about":[{"href":"https:\/\/unitelaique.org\/index.php\/wp-json\/wp\/v2\/types\/post"}],"author":[{"embeddable":true,"href":"https:\/\/unitelaique.org\/index.php\/wp-json\/wp\/v2\/users\/7"}],"replies":[{"embeddable":true,"href":"https:\/\/unitelaique.org\/index.php\/wp-json\/wp\/v2\/comments?post=5643"}],"version-history":[{"count":8,"href":"https:\/\/unitelaique.org\/index.php\/wp-json\/wp\/v2\/posts\/5643\/revisions"}],"predecessor-version":[{"id":5680,"href":"https:\/\/unitelaique.org\/index.php\/wp-json\/wp\/v2\/posts\/5643\/revisions\/5680"}],"wp:attachment":[{"href":"https:\/\/unitelaique.org\/index.php\/wp-json\/wp\/v2\/media?parent=5643"}],"wp:term":[{"taxonomy":"category","embeddable":true,"href":"https:\/\/unitelaique.org\/index.php\/wp-json\/wp\/v2\/categories?post=5643"},{"taxonomy":"post_tag","embeddable":true,"href":"https:\/\/unitelaique.org\/index.php\/wp-json\/wp\/v2\/tags?post=5643"}],"curies":[{"name":"wp","href":"https:\/\/api.w.org\/{rel}","templated":true}]}}