{"id":5931,"date":"2023-07-11T12:22:48","date_gmt":"2023-07-11T10:22:48","guid":{"rendered":"https:\/\/unitelaique.org\/?p=5931"},"modified":"2023-07-26T12:24:52","modified_gmt":"2023-07-26T10:24:52","slug":"barometre-du-lien-social-quest-ce-qui-unit-les-francais-en-2023","status":"publish","type":"post","link":"https:\/\/unitelaique.org\/index.php\/2023\/07\/11\/barometre-du-lien-social-quest-ce-qui-unit-les-francais-en-2023\/","title":{"rendered":"Barom\u00e8tre du lien social : qu&rsquo;est-ce qui unit les Fran\u00e7ais en 2023 ?"},"content":{"rendered":"\n<p>Dans un contexte de tensions sociales particuli\u00e8rement \u00e9lev\u00e9es depuis le d\u00e9but de l\u2019ann\u00e9e 2023, Ipsos, Sopra-Steria et le groupe EBRA (premier groupe de presse fran\u00e7ais avec neuf quotidiens r\u00e9gionaux) ont choisi de s\u2019int\u00e9resser \u00e0 ce qui unit les Fran\u00e7ais. Ce nouveau barom\u00e8tre met en valeur l\u2019existence de nombreux \u00e9l\u00e9ments auxquels les Fran\u00e7ais sont attach\u00e9s, qui les rassemblent et qui contribuent selon eux au maintien du lien social. Le sondage a \u00e9t\u00e9 effectu\u00e9 aupr\u00e8s d\u2019un \u00e9chantillon de 1500 personnes, repr\u00e9sentatif de la population fran\u00e7aise \u00e2g\u00e9e de 18 ans et plus.<\/p>\n\n\n\n<h2 class=\"wp-block-heading has-medium-font-size\">Le lien social en France : entre scepticisme national et optimisme local<\/h2>\n\n\n\n<p>Dans l\u2019ensemble,<strong> les Fran\u00e7ais se montrent partag\u00e9s sur l\u2019\u00e9tat du lien social<\/strong>. S\u2019ils ont globalement le sentiment que l\u2019\u00e9tat du lien social n\u2019est pas bon aujourd\u2019hui en France (seuls 34% estiment qu\u2019il est bon), ils sont plus positifs sur leur lieu de vie\u202f: 65% consid\u00e8rent que le lien social est bon l\u00e0 o\u00f9 ils vivent.&nbsp; Ce lien social semble cependant se d\u00e9t\u00e9riorer, que ce soit en France (79%) ou l\u00e0 o\u00f9 les r\u00e9pondants vivent (57%).&nbsp;<\/p>\n\n\n\n<h2 class=\"wp-block-heading has-medium-font-size\">Les facteurs qui renforcent le lien social en France<\/h2>\n\n\n\n<p>Malgr\u00e9 cette vision relativement n\u00e9gative de l\u2019\u00e9tat du lien social, on constate<strong> l\u2019existence de nombreux \u00e9l\u00e9ments ou institutions qui contribuent aujourd\u2019hui au rassemblement des Fran\u00e7ais et au maintien du lien social.&nbsp;<\/strong><\/p>\n\n\n\n<p>Certains \u00e9l\u00e9ments sont identifi\u00e9s par les r\u00e9pondants comme <strong>contribuant \u00e0 rassembler les Fran\u00e7ais<\/strong>, et en premier lieu <strong>la gastronomie <\/strong>(cit\u00e9e par 36% des Fran\u00e7ais interrog\u00e9s) et <strong>le mod\u00e8le de protection sociale<\/strong> (32%).\u00a0 Les Fran\u00e7ais affichent une certaine unanimit\u00e9 sur <strong>la contribution de certains \u00e9l\u00e9ments au rassemblement des Fran\u00e7ais<\/strong>, et notamment <strong>la langue fran\u00e7aise<\/strong> (88% estiment qu\u2019elle joue un r\u00f4le important) et les diff\u00e9rents \u00e9l\u00e9ments li\u00e9s \u00e0 la R\u00e9publique\u202f: <strong>l\u2019\u00e9cole <\/strong>(87%), <strong>les valeurs de la R\u00e9publique<\/strong> (79%) ou <strong>la la\u00efcit\u00e9<\/strong> (78%).\u00a0\u00a0<\/p>\n\n\n\n<!--more-->\n\n\n\n<h2 class=\"wp-block-heading has-medium-font-size\">Les acteurs du rassemblement des Fran\u00e7ais<\/h2>\n\n\n\n<p>On observe \u00e9galement que <strong>certains groupes de personnes sont largement per\u00e7us comme contribuant la plupart du temps \u00e0 rassembler les Fran\u00e7ais<\/strong>, notamment ceux dont la <strong>vocation est non marchande et qui travaillent au bien public<\/strong>\u202f: les soignants (87%), les enseignants (75%) ou encore les responsables d\u2019associations (73%).<\/p>\n\n\n\n<h2 class=\"wp-block-heading has-medium-font-size\">Les projets et valeurs qui unissent les Fran\u00e7ais<\/h2>\n\n\n\n<p>On observe aussi une certaine <strong>convergence sur les diff\u00e9rents projets qui pourraient rendre les Fran\u00e7ais optimistes pour l\u2019avenir<\/strong>, s\u2019ils se r\u00e9alisaient. <strong>La fin des guerres est ainsi cit\u00e9e par 42% des Fran\u00e7ais<\/strong>, devant la fin de la pauvret\u00e9 (37%) et la fin des in\u00e9galit\u00e9s sociales (35%).<\/p>\n\n\n\n<p>En termes de valeurs, les Fran\u00e7ais interrog\u00e9s montrent <strong>leur attachement \u00e0 la devise de la R\u00e9publique<\/strong>.\u202fLes trois valeurs les plus cit\u00e9es comme \u00e9tant les plus importantes pour les Fran\u00e7ais sont la <strong>libert\u00e9 <\/strong>(50%), la <strong>solidarit\u00e9 <\/strong>(36%) et <strong>l\u2019\u00e9galit\u00e9 <\/strong>(35%), \u00e0 \u00e9galit\u00e9 avec la <strong>tol\u00e9rance <\/strong>(35%) et la <strong>d\u00e9mocratie<\/strong> (35%).&nbsp;&nbsp;<\/p>\n\n\n\n<h2 class=\"wp-block-heading has-medium-font-size\">L&rsquo;attachement territorial : cl\u00e9 de voute du lien social en France<\/h2>\n\n\n\n<p><strong>L\u2019attachement \u00e0 son territoire contribue pour les Fran\u00e7ais au renforcement du lien social<\/strong> (82% estiment que c\u2019est le cas) et ce quelle que soit la cat\u00e9gorie d\u2019agglom\u00e9ration o\u00f9 ils habitent. Au niveau local, ce sont surtout <strong>les lieux de vie<\/strong> (43%), <strong>les activit\u00e9s culturelles et de loisirs<\/strong> (37%) et<strong> les commerces<\/strong> (36%) <strong>qui contribuent au maintien du lien social.<\/strong><\/p>\n\n\n\n<h2 class=\"wp-block-heading has-medium-font-size\">Valeurs et famille : les piliers de l&rsquo;identit\u00e9 fran\u00e7aise en 2023<\/h2>\n\n\n\n<p><strong>Les Fran\u00e7ais se d\u00e9finissent aujourd\u2019hui avant tout par leurs valeurs<\/strong> (55%) et par<strong> leurs familles <\/strong>(54%). Attach\u00e9s \u00e0 la tol\u00e9rance, <strong>ils consid\u00e8rent que l\u2019amiti\u00e9 peut transcender certains d\u00e9saccords<\/strong>. 70% des Fran\u00e7ais d\u00e9clarent ainsi qu\u2019ils pourraient \u00eatre ami avec quelqu\u2019un avec qui ils sont en d\u00e9saccord sur la politique, 78% sur l\u2019\u00e9conomie ou encore sur la fin de vie.&nbsp;&nbsp;<\/p>\n\n\n\n<h2 class=\"wp-block-heading has-medium-font-size\">D\u00e9bats et divergences : l&rsquo;\u00e9tat du lien social en France en 2023<\/h2>\n\n\n\n<p>Au global, <strong>on observe donc que de nombreux \u00e9l\u00e9ments unissent les Fran\u00e7ais et contribuent au maintien du lien social<\/strong>. N\u00e9anmoins, les r\u00e9pondants affichent aussi des d\u00e9saccords sur certains sujets. Ils sont notamment partag\u00e9s sur ce qui fait l\u2019unit\u00e9 d\u2019une nation. <strong>55% des Fran\u00e7ais consid\u00e8rent que le pass\u00e9 et le partage d\u2019une histoire commune est l\u2019\u00e9l\u00e9ment le plus important<\/strong> contre 45% qui estiment \u00e0 l\u2019inverse que c\u2019est le sentiment de partager un projet collectif pour l\u2019avenir.&nbsp;&nbsp;<\/p>\n\n\n\n<p>Autre sujet de discorde, le r\u00f4le des communaut\u00e9s. Pour 56% des Fran\u00e7ais, les communaut\u00e9s enferment les individus et d\u00e9t\u00e9riorent le lien social tandis que 44% y voient plut\u00f4t une possibilit\u00e9 de cr\u00e9er des liens de solidarit\u00e9 entre individus.&nbsp;&nbsp;<\/p>\n\n\n\n<p class=\"has-medium-font-size\"><strong><em><a href=\"https:\/\/www.ipsos.com\/fr-fr\/barometre-du-lien-social-quest-ce-qui-unit-les-francais-en-2023\">Consultez ici le rapport complet et l&rsquo;infographie<\/a><\/em><\/strong><\/p>\n\n\n\n<p class=\"has-medium-font-size\"><\/p>\n","protected":false},"excerpt":{"rendered":"<p>Dans un contexte de tensions sociales particuli\u00e8rement \u00e9lev\u00e9es depuis le d\u00e9but de l\u2019ann\u00e9e 2023, Ipsos, Sopra-Steria et le groupe EBRA (premier groupe de presse fran\u00e7ais avec neuf quotidiens r\u00e9gionaux) ont choisi de s\u2019int\u00e9resser \u00e0 ce qui unit les Fran\u00e7ais. Ce nouveau barom\u00e8tre met en valeur l\u2019existence de nombreux \u00e9l\u00e9ments auxquels les Fran\u00e7ais sont attach\u00e9s, qui [&hellip;]<\/p>\n","protected":false},"author":7,"featured_media":0,"comment_status":"closed","ping_status":"","sticky":false,"template":"","format":"standard","meta":{"footnotes":""},"categories":[10],"tags":[],"class_list":["post-5931","post","type-post","status-publish","format-standard","hentry","category-enquetes-et-etudes"],"_links":{"self":[{"href":"https:\/\/unitelaique.org\/index.php\/wp-json\/wp\/v2\/posts\/5931","targetHints":{"allow":["GET"]}}],"collection":[{"href":"https:\/\/unitelaique.org\/index.php\/wp-json\/wp\/v2\/posts"}],"about":[{"href":"https:\/\/unitelaique.org\/index.php\/wp-json\/wp\/v2\/types\/post"}],"author":[{"embeddable":true,"href":"https:\/\/unitelaique.org\/index.php\/wp-json\/wp\/v2\/users\/7"}],"replies":[{"embeddable":true,"href":"https:\/\/unitelaique.org\/index.php\/wp-json\/wp\/v2\/comments?post=5931"}],"version-history":[{"count":3,"href":"https:\/\/unitelaique.org\/index.php\/wp-json\/wp\/v2\/posts\/5931\/revisions"}],"predecessor-version":[{"id":5934,"href":"https:\/\/unitelaique.org\/index.php\/wp-json\/wp\/v2\/posts\/5931\/revisions\/5934"}],"wp:attachment":[{"href":"https:\/\/unitelaique.org\/index.php\/wp-json\/wp\/v2\/media?parent=5931"}],"wp:term":[{"taxonomy":"category","embeddable":true,"href":"https:\/\/unitelaique.org\/index.php\/wp-json\/wp\/v2\/categories?post=5931"},{"taxonomy":"post_tag","embeddable":true,"href":"https:\/\/unitelaique.org\/index.php\/wp-json\/wp\/v2\/tags?post=5931"}],"curies":[{"name":"wp","href":"https:\/\/api.w.org\/{rel}","templated":true}]}}