{"id":5995,"date":"2023-09-01T17:43:30","date_gmt":"2023-09-01T15:43:30","guid":{"rendered":"https:\/\/unitelaique.org\/?p=5995"},"modified":"2023-09-01T17:45:03","modified_gmt":"2023-09-01T15:45:03","slug":"furia-abaya","status":"publish","type":"post","link":"https:\/\/unitelaique.org\/index.php\/2023\/09\/01\/furia-abaya\/","title":{"rendered":"Furia Abaya"},"content":{"rendered":"\n<p><strong><em>Unit\u00e9 La\u00efque soutient sans r\u00e9serve la d\u00e9cision de M. Gabriel Attal, ministre de l\u2019\u00c9ducation nationale, d\u2019interdire, dans le cadre de la loi du 15 mars 2004, le port de v\u00eatements manifestant ostensiblement les convictions religieuses des \u00e9l\u00e8ves.<\/em><\/strong><\/p>\n\n\n\n<p>On sait que depuis plus d\u2019un an, les pr\u00e9dicateurs islamistes m\u00e8nent une offensive concert\u00e9e sur les r\u00e9seaux sociaux et dans les lieux de pri\u00e8re qu\u2019ils contr\u00f4lent pour inciter par la pression morale, la culpabilisation, l\u2019excitation des instincts d\u2019appartenance tribale, les jeunes filles et les jeunes hommes de religion ou de tradition musulmane \u00e0 s\u2019affubler d\u2019abayas ou de qamis dans leur activit\u00e9 scolaire.<\/p>\n\n\n\n<p>Cette campagne a pour but de faire c\u00e9der la la\u00efcit\u00e9, de remettre en cause les principes d\u2019\u00e9galit\u00e9 et de libert\u00e9 de conscience de notre R\u00e9publique et de s\u00e9parer les jeunes Fran\u00e7ais musulmans, en particulier les femmes, du reste de leurs concitoyens, afin d\u2019imposer progressivement une soci\u00e9t\u00e9 \u00ab\u00a0charia-compatible\u00a0\u00bb, selon l\u2019expression de Florence Bergeaud-Blackler.<\/p>\n\n\n\n<!--more-->\n\n\n\n<p>Si l\u2019\u00e9cole de la R\u00e9publique est la\u00efque et veille \u00e0 la neutralit\u00e9 des \u00e9l\u00e8ves qui la fr\u00e9quentent, c\u2019est pour affirmer son id\u00e9al d\u2019\u00e9mancipation et offrir aux enfants de la R\u00e9publique les moyens d\u2019un apprentissage rationnel, lib\u00e9r\u00e9 des dogmes.<\/p>\n\n\n\n<p>La d\u00e9cision du ministre, confirm\u00e9e par une circulaire aux chefs d\u2019\u00e9tablissement et une lettre aux parents, est une manifestation claire et attendue par une immense majorit\u00e9 des Fran\u00e7ais, de droite comme de gauche, du retour de l\u2019autorit\u00e9 d\u00e9mocratique de l\u2019\u00c9tat dans le domaine crucial de la S\u00e9paration des \u00c9glises et de l\u2019\u00c9tat et de sa volont\u00e9 de prot\u00e9ger les enfants et les adolescents de l\u2019embrigadement fondamentaliste, en l\u2019occurence musulman.<\/p>\n\n\n\n<p>La France est, pour ces adversaires de plus en plus radicaux, le principal obstacle \u00e0 leur prise de pouvoir sur les musulmans en Europe, du fait de ses principes et de sa culture la\u00efques et s\u00e9cularistes. Ne nous leurrons pas, les attaques ne vont pas cesser. Elles vont m\u00eame s\u2019amplifier. Nous exhortons les pouvoirs publics \u00e0 y faire face avec fermet\u00e9 et courage et \u00e0 apporter un soutien sans faille au corps enseignant. Unit\u00e9 La\u00efque appuiera toutes les mesures allant dans le sens de la d\u00e9fense de la libert\u00e9 de conscience et de l\u2019\u00e9mancipation.<\/p>\n\n\n\n<p>Il faudra cependant que le ministre se pose la question de la pr\u00e9sence massive, en particulier dans le cadre des activit\u00e9s p\u00e9riscolaires mais aussi de la formation des personnels, d\u2019associations qui, gr\u00e2ce au soutien d\u00e9l\u00e9t\u00e8re de feu l\u2019Observatoire de la la\u00efcit\u00e9, r\u00e9pandent un confusionnisme lourd de cons\u00e9quence et tentent de convaincre jour apr\u00e8s jour la communaut\u00e9 scolaire qu\u2019il faut remplacer l\u2019universalisme, la la\u00efcit\u00e9 et les principes r\u00e9publicains par une vision communautariste, ethno-religieuse de la soci\u00e9t\u00e9, en soumettant les \u00e9l\u00e8ves comme les adultes au contr\u00f4le des esprits par les int\u00e9grismes religieux.<\/p>\n\n\n\n<p>Unit\u00e9 La\u00efque rappelle en outre que la France joue un r\u00f4le exemplaire dans le soutien aux luttes d\u2019\u00e9mancipation et de lib\u00e9ration \u00e0 travers le monde et qu\u2019\u00e0 ce titre, notre pays ne saurait tol\u00e9rer que l\u2019int\u00e9grisme islamiste veuille imposer \u00e0 nos jeunes concitoyennes les marques inf\u00e2mantes que les Iraniennes tentent d\u2019arracher au p\u00e9ril de leur vie et qui font des Afghanes des hilotes et des esclaves dans leur propre pays. Rappelons ce que l\u2019actrice iranienne Golshifteh Farahani r\u00e9pondait lors d\u2019une interview \u00e0 T\u00e9l\u00e9rama il y a un an, \u00ab&nbsp;lib\u00e9rer sa chevelure est un geste symbolique sans pr\u00e9c\u00e9dent. Le voile est la base de l&rsquo;oppression islamique sur la femme. S&rsquo;il tombe, le reste s&rsquo;effondrera&nbsp;\u00bb. Ceci vaut pour toutes les tentatives de couvrir les femmes au nom de la \u00ab&nbsp;pudeur&nbsp;\u00bb, de la \u00ab&nbsp;modestie&nbsp;\u00bb et de la volont\u00e9 de domination obsessionnelle des obscurantistes sur leur corps.<\/p>\n\n\n\n<p>Il est indispensable que les personnalit\u00e9s qui continuent \u00e0 se battre pour nos principes \u00e9mancipateurs au sein des partis de gauche luttent contre les d\u00e9rives \u00e9lectoralistes et id\u00e9ologiques qui entra\u00eenent les directions de LFI et d\u2019EELV,&nbsp;contre l&rsquo;avis-m\u00eame de la majorit\u00e9 de leurs \u00e9lecteurs, ainsi qu\u2019une large partie du PS, sur des chemins communautaristes, voire islamo-gauchistes et indig\u00e9nistes.<\/p>\n\n\n\n<p>Il est indispensable que le gouvernement, et en particulier les ministres de l\u2019Int\u00e9rieur, de l\u2019\u00c9ducation nationale, de la Culture, de la Sant\u00e9 et des Arm\u00e9es soient eux-m\u00eames parfaitement au clair sur les fondements de notre soci\u00e9t\u00e9 la\u00efque. Pour cela il est urgent de se demander :<\/p>\n\n\n\n<ul class=\"wp-block-list\">\n<li>Pourquoi la R\u00e9publique est la\u00efque.&nbsp; Quelles cons\u00e9quences cette la\u00efcit\u00e9 a-t-elle sur la soci\u00e9t\u00e9, et en particulier sur l\u2019\u00e9cole&nbsp;?<\/li>\n\n\n\n<li>Pourquoi une proportion importante des musulmans et en particulier des jeunes musulmans refusent la la\u00efcit\u00e9, la R\u00e9publique, la loi commune, au profit d\u2019une pr\u00e9f\u00e9rence assum\u00e9e pour la loi religieuse dans sa version la plus r\u00e9trograde et obscurantiste.<\/li>\n\n\n\n<li>Pourquoi certains acteurs politiques, sociaux et culturels majeurs de notre pays semblent renoncer \u00e0 l\u2019application des principes de la R\u00e9publique indivisible, la\u00efque, d\u00e9mocratique et sociale, au profit d\u2019un communautarisme affirm\u00e9, s\u2019alignant ainsi sur les positions de l\u2019Union europ\u00e9enne o\u00f9 les mouvements communautaro-religieux b\u00e9n\u00e9ficient d\u2019un soutien actif des instances de l\u2019UE.<\/li>\n<\/ul>\n\n\n\n<p>Unit\u00e9 la\u00efque est pr\u00eate \u00e0 apporter sa contribution \u00e0 cette r\u00e9flexion.<\/p>\n\n\n\n<p class=\"has-medium-font-size\"><strong><a href=\"https:\/\/unitelaique.org\/wp-content\/uploads\/2023\/09\/20230901-Furia-abaya-Finale.pdf\">T\u00e9l\u00e9charger le communiqu\u00e9 en PDF<\/a><\/strong><\/p>\n","protected":false},"excerpt":{"rendered":"<p>Unit\u00e9 La\u00efque soutient sans r\u00e9serve la d\u00e9cision de M. Gabriel Attal, ministre de l\u2019\u00c9ducation nationale, d\u2019interdire, dans le cadre de la loi du 15 mars 2004, le port de v\u00eatements manifestant ostensiblement les convictions religieuses des \u00e9l\u00e8ves. On sait que depuis plus d\u2019un an, les pr\u00e9dicateurs islamistes m\u00e8nent une offensive concert\u00e9e sur les r\u00e9seaux sociaux [&hellip;]<\/p>\n","protected":false},"author":7,"featured_media":0,"comment_status":"closed","ping_status":"","sticky":false,"template":"","format":"standard","meta":{"footnotes":""},"categories":[6,4],"tags":[],"class_list":["post-5995","post","type-post","status-publish","format-standard","hentry","category-actualitelaicite","category-communiques"],"_links":{"self":[{"href":"https:\/\/unitelaique.org\/index.php\/wp-json\/wp\/v2\/posts\/5995","targetHints":{"allow":["GET"]}}],"collection":[{"href":"https:\/\/unitelaique.org\/index.php\/wp-json\/wp\/v2\/posts"}],"about":[{"href":"https:\/\/unitelaique.org\/index.php\/wp-json\/wp\/v2\/types\/post"}],"author":[{"embeddable":true,"href":"https:\/\/unitelaique.org\/index.php\/wp-json\/wp\/v2\/users\/7"}],"replies":[{"embeddable":true,"href":"https:\/\/unitelaique.org\/index.php\/wp-json\/wp\/v2\/comments?post=5995"}],"version-history":[{"count":3,"href":"https:\/\/unitelaique.org\/index.php\/wp-json\/wp\/v2\/posts\/5995\/revisions"}],"predecessor-version":[{"id":6000,"href":"https:\/\/unitelaique.org\/index.php\/wp-json\/wp\/v2\/posts\/5995\/revisions\/6000"}],"wp:attachment":[{"href":"https:\/\/unitelaique.org\/index.php\/wp-json\/wp\/v2\/media?parent=5995"}],"wp:term":[{"taxonomy":"category","embeddable":true,"href":"https:\/\/unitelaique.org\/index.php\/wp-json\/wp\/v2\/categories?post=5995"},{"taxonomy":"post_tag","embeddable":true,"href":"https:\/\/unitelaique.org\/index.php\/wp-json\/wp\/v2\/tags?post=5995"}],"curies":[{"name":"wp","href":"https:\/\/api.w.org\/{rel}","templated":true}]}}