{"id":6233,"date":"2023-11-03T09:54:13","date_gmt":"2023-11-03T08:54:13","guid":{"rendered":"https:\/\/unitelaique.org\/?p=6233"},"modified":"2023-11-03T11:52:33","modified_gmt":"2023-11-03T10:52:33","slug":"guillaume-meurice-lombre-portee-de-philippe-henriot","status":"publish","type":"post","link":"https:\/\/unitelaique.org\/index.php\/2023\/11\/03\/guillaume-meurice-lombre-portee-de-philippe-henriot\/","title":{"rendered":"Guillaume Meurice, l&rsquo;ombre port\u00e9e de Philippe Henriot."},"content":{"rendered":"\n<p class=\"has-medium-font-size\" style=\"font-style:normal;font-weight:700\">Lettre ouverte \u00e0 Mmes Sibyle Veil, pr\u00e9sidente de Radio France et Ad\u00e8le Van Reeth, pr\u00e9sidente de France Inter.<\/p>\n\n\n\n<p class=\"has-text-color has-medium-font-size\" style=\"color:#ce397f;font-style:italic;font-weight:600\">Le 29 octobre 2023, M. Guillaume Meurice, humoriste \u00ab officiel \u00bb de France Inter, a franchi lors de son \u00e9mission \u00ab Le moment Meurice \u00bb, toutes les limites de l\u2019indignit\u00e9.<\/p>\n\n\n\n<p>Le 7 octobre 2023, le Hamas, qui gouverne le territoire de Gaza depuis 2006, a accompli le pire acte d\u2019inhumanit\u00e9 r\u00e9pertori\u00e9 depuis les massacres perp\u00e9tr\u00e9s par les Hutus au Rwanda, avec une cruaut\u00e9 barbare que m\u00eame les assassins de la Shoah par balle n\u2019ont pas \u00e9gal\u00e9e. La r\u00e9plique isra\u00e9lienne, l\u00e9gitime et justifi\u00e9e, a \u00e9t\u00e9 retard\u00e9e de trois semaines pour permettre aux populations gazaouies de se replier, ce que cette organisation terroriste les emp\u00eache de faire. Les Isra\u00e9liens, quels que soient leurs dirigeants actuels, sont des d\u00e9mocrates et le d\u00e9montrent dans la rue depuis des mois. Ils sont en arme depuis soixante-quinze ans pour \u00e9viter l\u2019an\u00e9antissement que leur promettent les organisations terroristes et les pays arabo-musulmans du Proche et du Moyen-Orient, car pour eux il n\u2019y aurait qu\u2019une seule d\u00e9faite. Les mensonges du Hamas sont d\u00e9sormais av\u00e9r\u00e9s et aucun des chiffres de victimes produits par ces fanatiques n\u2019est cr\u00e9dible.<\/p>\n\n\n\n<!--more-->\n\n\n\n<p>Comme le dit Caroline Fourest, \u00ab&nbsp;on ne peut pas comparer le fait d\u2019avoir tu\u00e9 des enfants d\u00e9lib\u00e9r\u00e9ment [et nous ajouterons apr\u00e8s les avoir tortur\u00e9s, viol\u00e9s, d\u00e9membr\u00e9s&nbsp;; en les d\u00e9capitant, en les br\u00fblant vifs&nbsp;; en ayant assassin\u00e9 avec une abjecte cruaut\u00e9 leurs parents devant eux] comme le fait le Hamas, et le fait de tuer des enfants involontairement, en se d\u00e9fendant, comme le fait Isra\u00ebl [et nous ajouterons encore que ces enfants forment le bouclier humain des assassins du Hamas].<\/p>\n\n\n\n<p>Ces actions ne peuvent que nous remettre en m\u00e9moire la phrase de Golda Meir, \u00ab&nbsp;la Paix viendra quand les Arabes aimeront leurs enfants plus qu&rsquo;ils ne nous ha\u00efssent&nbsp;\u00bb.<\/p>\n\n\n\n<p>Face \u00e0 une telle situation et \u00e0 l\u2019explosion dans notre pays de l\u2019antis\u00e9mitisme islamiste qui, rappelons-le, tue sans cesse des Juifs depuis Ilan Halimi, face \u00e0 la mort de plus de trente-cinq de nos compatriotes sous les coups du Hamas, la retenue est un devoir, m\u00eame lorsqu\u2019on est un propalestinien et un \u00ab&nbsp;antisioniste&nbsp;\u00bb, surtout lorsqu\u2019on travaille sur une radio publique \u00e9cout\u00e9e par des millions d\u2019auditeurs.<\/p>\n\n\n\n<p>Aucune de ces consid\u00e9rations n\u2019a endigu\u00e9 la voix meurtri\u00e8re de M. Meurice qui, sous les rires veules et complaisants de ses acolytes et d\u2019un public \u00e0 n\u2019en point douter ravi, a prononc\u00e9 ces paroles que l\u2019on n\u2019avait jusque-l\u00e0 entendu que dans la bouche des nazis, des membres du commissariat aux questions juives et de la pire extr\u00eame-droite groupusculaire de l\u2019apr\u00e8s-guerre&nbsp;: \u00ab&nbsp;pour faire peur pour Halloween&nbsp;: le d\u00e9guisement Netanyahu, qui marche pas mal en ce moment, <strong>une sorte de nazi mais sans pr\u00e9puce<\/strong>&nbsp;\u00bb.<\/p>\n\n\n\n<p>Les Juifs sont donc des nazis&nbsp;; pour les reconna\u00eetre, for\u00e7ons-les \u00e0 baisser leur pantalon comme aux plus beaux temps du ghetto de Varsovie.<\/p>\n\n\n\n<p>Ajoutons, si l\u2019on n\u2019\u00e9tait pas convaincu de l\u2019obsession antis\u00e9mite de M. Meurice que, dans la m\u00eame chronique, il n\u2019a cit\u00e9 que trois noms pour les couvrir de boue, ceux d\u2019Alain Finkielkraut, Serge Gainsbourg et Roman Polanski\u2026 Il n\u2019y a \u00e9videmment pas de hasard. M. Meurice ne m\u00e9rite que le plus profond m\u00e9pris.<\/p>\n\n\n\n<p>Nous nous adressons donc \u00e0 la pr\u00e9sidente de Radio France, Mme Sibyle Veil, \u00e0 la pr\u00e9sidente de France Inter, Mme Ad\u00e8le Van Reeth, dont le ti\u00e8de et prudent communiqu\u00e9 nous para\u00eet une r\u00e9ponse bien insuffisante, et leur demandons de licencier s\u00e9ance tenante M. Meurice pour antis\u00e9mitisme.<\/p>\n\n\n\n<p>Nous nous adressons au procureur de la R\u00e9publique pour qu\u2019il poursuive ce boutefeu, qui par de telles paroles et en de telles circonstances, arme la main des assassins de Juifs dans notre pays.<\/p>\n\n\n\n<p>M. Meurice accomplit la triste proph\u00e9tie de Vladimir Jank\u00e9l\u00e9vitch, qui disait, en 1967, \u00ab&nbsp;l&rsquo;antisionisme est une incroyable aubaine, car il nous donne la permission &#8211; et m\u00eame le droit, et m\u00eame le devoir &#8211; d&rsquo;\u00eatre antis\u00e9mite au nom de la d\u00e9mocratie ! L&rsquo;antisionisme est l&rsquo;antis\u00e9mitisme justifi\u00e9, mis enfin \u00e0 la port\u00e9e de tous. Il est la permission d&rsquo;\u00eatre d\u00e9mocratiquement antis\u00e9mite. Et si les juifs \u00e9taient eux-m\u00eames des nazis ? Ce serait merveilleux. \u00bb<\/p>\n\n\n\n<p>A l\u2019instar de Pierre Dac, s\u2019adressant depuis Londres au sinistre speaker de Radio Paris, Philippe Henriot, \u00ab&nbsp;nous vous disons bonne nuit, M. Meurice et dormez bien, si vous le pouvez<a href=\"#_ftn1\" id=\"_ftnref1\">[1]<\/a>&nbsp;\u00bb.<\/p>\n\n\n\n<p><a href=\"#_ftnref1\" id=\"_ftn1\"><\/a>&nbsp;<\/p>\n\n\n\n<p class=\"has-small-font-size\">[1] Menac\u00e9 par la censure du r\u00e9gime de Vichy, Pierre Dac rejoint l\u2019Angleterre en 1943. Sur Radio Londres, il devient l\u2019une des grandes voix de l\u2019\u00e9mission \u00ab Les Fran\u00e7ais parlent aux Fran\u00e7ais \u00bb. Philippe Henriot, le speaker ultra-collaborationniste de Radio Paris l\u2019interpelle sur les ondes en l\u2019insultant en tant que Juif. Pierre Dac lui fait une r\u00e9ponse magistrale. <a href=\"https:\/\/www.youtube.com\/watch?v=TvsTWIOJf4o\">L&rsquo;humoriste juif Pierre Dac cloue le bec au propagandiste de Vichy Philippe Henriot &#8211; YouTube<\/a><\/p>\n\n\n\n<p class=\"has-medium-font-size\"><strong><a href=\"https:\/\/unitelaique.org\/wp-content\/uploads\/2023\/11\/20231101-2-Guillaume-Meurice-Le-ttre-ouverte-a-Radio-France.pdf\">T\u00e9l\u00e9charger le communiqu\u00e9 en PDF<\/a><\/strong><\/p>\n","protected":false},"excerpt":{"rendered":"<p>Lettre ouverte \u00e0 Mmes Sibyle Veil, pr\u00e9sidente de Radio France et Ad\u00e8le Van Reeth, pr\u00e9sidente de France Inter. Le 29 octobre 2023, M. Guillaume Meurice, humoriste \u00ab officiel \u00bb de France Inter, a franchi lors de son \u00e9mission \u00ab Le moment Meurice \u00bb, toutes les limites de l\u2019indignit\u00e9. Le 7 octobre 2023, le Hamas, qui [&hellip;]<\/p>\n","protected":false},"author":7,"featured_media":0,"comment_status":"closed","ping_status":"","sticky":false,"template":"","format":"standard","meta":{"footnotes":""},"categories":[6,4],"tags":[],"class_list":["post-6233","post","type-post","status-publish","format-standard","hentry","category-actualitelaicite","category-communiques"],"_links":{"self":[{"href":"https:\/\/unitelaique.org\/index.php\/wp-json\/wp\/v2\/posts\/6233","targetHints":{"allow":["GET"]}}],"collection":[{"href":"https:\/\/unitelaique.org\/index.php\/wp-json\/wp\/v2\/posts"}],"about":[{"href":"https:\/\/unitelaique.org\/index.php\/wp-json\/wp\/v2\/types\/post"}],"author":[{"embeddable":true,"href":"https:\/\/unitelaique.org\/index.php\/wp-json\/wp\/v2\/users\/7"}],"replies":[{"embeddable":true,"href":"https:\/\/unitelaique.org\/index.php\/wp-json\/wp\/v2\/comments?post=6233"}],"version-history":[{"count":8,"href":"https:\/\/unitelaique.org\/index.php\/wp-json\/wp\/v2\/posts\/6233\/revisions"}],"predecessor-version":[{"id":6251,"href":"https:\/\/unitelaique.org\/index.php\/wp-json\/wp\/v2\/posts\/6233\/revisions\/6251"}],"wp:attachment":[{"href":"https:\/\/unitelaique.org\/index.php\/wp-json\/wp\/v2\/media?parent=6233"}],"wp:term":[{"taxonomy":"category","embeddable":true,"href":"https:\/\/unitelaique.org\/index.php\/wp-json\/wp\/v2\/categories?post=6233"},{"taxonomy":"post_tag","embeddable":true,"href":"https:\/\/unitelaique.org\/index.php\/wp-json\/wp\/v2\/tags?post=6233"}],"curies":[{"name":"wp","href":"https:\/\/api.w.org\/{rel}","templated":true}]}}