{"id":6255,"date":"2023-11-09T09:14:12","date_gmt":"2023-11-09T08:14:12","guid":{"rendered":"https:\/\/unitelaique.org\/?p=6255"},"modified":"2023-11-09T10:52:40","modified_gmt":"2023-11-09T09:52:40","slug":"pour-la-republique-et-contre-lantisemitisme-marchons","status":"publish","type":"post","link":"https:\/\/unitelaique.org\/index.php\/2023\/11\/09\/pour-la-republique-et-contre-lantisemitisme-marchons\/","title":{"rendered":"Pour la R\u00e9publique et contre l&rsquo;antis\u00e9mitisme, marchons !"},"content":{"rendered":"\n<p class=\"has-medium-font-size\" style=\"font-style:normal;font-weight:700\">A l&rsquo;heure o\u00f9 les Juifs sont \u00e0 nouveau une cible dans le monde, \u00e0 l&rsquo;heure o\u00f9 le nombre d&rsquo;actes antis\u00e9mites explose en France, Unit\u00e9 La\u00efque se f\u00e9licite de l&rsquo;appel lanc\u00e9 par la pr\u00e9sidente de l\u2019Assembl\u00e9e nationale, Ya\u00ebl Braun-Pivet et le pr\u00e9sident du S\u00e9nat G\u00e9rard Larcher, intitul\u00e9 \u00ab&nbsp;Pour la R\u00e9publique et contre l&rsquo;antis\u00e9mitisme, marchons&nbsp;\u00bb.<br><\/p>\n\n\n\n<p>Unit\u00e9 La\u00efque s\u2019associe \u00e0 cet appel et demande \u00e0 tous ses adh\u00e9rents, \u00e0 tous ses sympathisants, de rejoindre les cort\u00e8ges qui se formeront dans toutes les villes de France ce <strong>dimanche 12 novembre 2023<\/strong> en y portant haut et fort le nom d\u2019Unit\u00e9 La\u00efque.<br><\/p>\n\n\n\n<!--more-->\n\n\n\n<ul class=\"wp-block-list\">\n<li>Alors que l\u2019organisation terroriste Hamas a relanc\u00e9 la guerre en massacrant avec une cruaut\u00e9 et une barbarie extr\u00eames 1&nbsp;400 hommes, femmes et enfants sur le territoire isra\u00e9lien le 7 octobre dernier,<\/li>\n\n\n\n<li>Alors que l\u2019on compte parmi ces victimes martyris\u00e9es quarante de nos compatriotes,<\/li>\n\n\n\n<li>Alors que deux cent quarante personnes dont neuf Fran\u00e7ais, hommes, femmes, enfants, nourrissons ont \u00e9t\u00e9 pris en otage dans les conditions que l\u2019on imagine,<\/li>\n\n\n\n<li>Alors que le nombre d\u2019actes antis\u00e9mites perp\u00e9tr\u00e9s par des islamistes anim\u00e9s d\u2019une haine des juifs inextinguible explose en France,<\/li>\n<\/ul>\n\n\n\n<p>L&rsquo;heure n&rsquo;est plus \u00e0 la r\u00e9flexion.<br>L&rsquo;heure n&rsquo;est plus au silence honteux et complice.<br>L&rsquo;heure n&rsquo;est plus \u00e0 l&rsquo;indiff\u00e9rence coupable.<br>Nous devons nous lever et nous battre, il en va de l&rsquo;avenir de&nbsp;la&nbsp;R\u00e9publique.<\/p>\n\n\n\n<p><strong><a href=\"https:\/\/unitelaique.org\/wp-content\/uploads\/2023\/11\/20231108-Marche-dimanche-12-novembre-2023.pdf\" data-type=\"link\" data-id=\"https:\/\/unitelaique.org\/wp-content\/uploads\/2023\/11\/20231108-Marche-dimanche-12-novembre-2023.pdf\">T\u00e9l\u00e9charger le communiqu\u00e9 en PDF<\/a><\/strong><\/p>\n","protected":false},"excerpt":{"rendered":"<p>A l&rsquo;heure o\u00f9 les Juifs sont \u00e0 nouveau une cible dans le monde, \u00e0 l&rsquo;heure o\u00f9 le nombre d&rsquo;actes antis\u00e9mites explose en France, Unit\u00e9 La\u00efque se f\u00e9licite de l&rsquo;appel lanc\u00e9 par la pr\u00e9sidente de l\u2019Assembl\u00e9e nationale, Ya\u00ebl Braun-Pivet et le pr\u00e9sident du S\u00e9nat G\u00e9rard Larcher, intitul\u00e9 \u00ab&nbsp;Pour la R\u00e9publique et contre l&rsquo;antis\u00e9mitisme, marchons&nbsp;\u00bb. Unit\u00e9 La\u00efque [&hellip;]<\/p>\n","protected":false},"author":7,"featured_media":0,"comment_status":"closed","ping_status":"","sticky":false,"template":"","format":"standard","meta":{"footnotes":""},"categories":[4],"tags":[],"class_list":["post-6255","post","type-post","status-publish","format-standard","hentry","category-communiques"],"_links":{"self":[{"href":"https:\/\/unitelaique.org\/index.php\/wp-json\/wp\/v2\/posts\/6255","targetHints":{"allow":["GET"]}}],"collection":[{"href":"https:\/\/unitelaique.org\/index.php\/wp-json\/wp\/v2\/posts"}],"about":[{"href":"https:\/\/unitelaique.org\/index.php\/wp-json\/wp\/v2\/types\/post"}],"author":[{"embeddable":true,"href":"https:\/\/unitelaique.org\/index.php\/wp-json\/wp\/v2\/users\/7"}],"replies":[{"embeddable":true,"href":"https:\/\/unitelaique.org\/index.php\/wp-json\/wp\/v2\/comments?post=6255"}],"version-history":[{"count":4,"href":"https:\/\/unitelaique.org\/index.php\/wp-json\/wp\/v2\/posts\/6255\/revisions"}],"predecessor-version":[{"id":6263,"href":"https:\/\/unitelaique.org\/index.php\/wp-json\/wp\/v2\/posts\/6255\/revisions\/6263"}],"wp:attachment":[{"href":"https:\/\/unitelaique.org\/index.php\/wp-json\/wp\/v2\/media?parent=6255"}],"wp:term":[{"taxonomy":"category","embeddable":true,"href":"https:\/\/unitelaique.org\/index.php\/wp-json\/wp\/v2\/categories?post=6255"},{"taxonomy":"post_tag","embeddable":true,"href":"https:\/\/unitelaique.org\/index.php\/wp-json\/wp\/v2\/tags?post=6255"}],"curies":[{"name":"wp","href":"https:\/\/api.w.org\/{rel}","templated":true}]}}