{"id":6264,"date":"2023-11-13T09:07:20","date_gmt":"2023-11-13T08:07:20","guid":{"rendered":"https:\/\/unitelaique.org\/?p=6264"},"modified":"2023-11-13T09:07:51","modified_gmt":"2023-11-13T08:07:51","slug":"condamner-lantisemitisme-et-tous-les-racismes-cest-bien-mais-qui-osera-sattaquer-aux-causes-qui-nous-ont-menes-la","status":"publish","type":"post","link":"https:\/\/unitelaique.org\/index.php\/2023\/11\/13\/condamner-lantisemitisme-et-tous-les-racismes-cest-bien-mais-qui-osera-sattaquer-aux-causes-qui-nous-ont-menes-la\/","title":{"rendered":"\u00ab\u00a0Condamner l&rsquo;antis\u00e9mitisme et tous les racismes, c&rsquo;est bien. Mais qui osera s&rsquo;attaquer aux causes qui nous ont men\u00e9s l\u00e0?\u00a0\u00bb"},"content":{"rendered":"\n<p class=\"has-medium-font-size\" style=\"font-style:normal;font-weight:700\">\u00ab\u00a0Depuis quatre d\u00e9cennies, les \u00e9lites ont jet\u00e9 un voile pudique sur ces questions, en pensant que les probl\u00e8mes se r\u00e9soudraient d&rsquo;eux-m\u00eames.\u00a0\u00bb<\/p>\n\n\n\n<p>Jean-Pierre Sakoun, Pr\u00e9sident d&rsquo;Unit\u00e9 La\u00efque, livre son \u00e9clairage sur cette question aupr\u00e8s de Georges Fenech, dans un article d&rsquo;Atlantico.<\/p>\n\n\n\n<p class=\"has-medium-font-size\" style=\"font-style:normal;font-weight:700\"><a href=\"https:\/\/unitelaique.org\/wp-content\/uploads\/2023\/11\/https-__atlantico.fr_article_decryptage_condamner-l-antisemitisme-et-tous-les-racismes-c-est-bien-mais-qui-osera-s-attaquer-aux-causes-qui-nous-ont-menes-la-jean-pierre-sakoun-georges-fenech.pdf\" data-type=\"link\" data-id=\"https:\/\/unitelaique.org\/wp-content\/uploads\/2023\/11\/https-__atlantico.fr_article_decryptage_condamner-l-antisemitisme-et-tous-les-racismes-c-est-bien-mais-qui-osera-s-attaquer-aux-causes-qui-nous-ont-menes-la-jean-pierre-sakoun-georges-fenech.pdf\">Retrouvez l&rsquo;article complet<\/a><\/p>\n\n\n\n<figure class=\"wp-block-image size-full\"><img loading=\"lazy\" decoding=\"async\" width=\"711\" height=\"689\" src=\"https:\/\/unitelaique.org\/wp-content\/uploads\/2023\/11\/Capture-decran-2023-11-13-a-08.59.25.png\" alt=\"\" class=\"wp-image-6267\" srcset=\"https:\/\/unitelaique.org\/wp-content\/uploads\/2023\/11\/Capture-decran-2023-11-13-a-08.59.25.png 711w, https:\/\/unitelaique.org\/wp-content\/uploads\/2023\/11\/Capture-decran-2023-11-13-a-08.59.25-300x291.png 300w, https:\/\/unitelaique.org\/wp-content\/uploads\/2023\/11\/Capture-decran-2023-11-13-a-08.59.25-24x24.png 24w, https:\/\/unitelaique.org\/wp-content\/uploads\/2023\/11\/Capture-decran-2023-11-13-a-08.59.25-36x36.png 36w, https:\/\/unitelaique.org\/wp-content\/uploads\/2023\/11\/Capture-decran-2023-11-13-a-08.59.25-48x48.png 48w\" sizes=\"auto, (max-width: 711px) 100vw, 711px\" \/><\/figure>\n","protected":false},"excerpt":{"rendered":"<p>\u00ab\u00a0Depuis quatre d\u00e9cennies, les \u00e9lites ont jet\u00e9 un voile pudique sur ces questions, en pensant que les probl\u00e8mes se r\u00e9soudraient d&rsquo;eux-m\u00eames.\u00a0\u00bb Jean-Pierre Sakoun, Pr\u00e9sident d&rsquo;Unit\u00e9 La\u00efque, livre son \u00e9clairage sur cette question aupr\u00e8s de Georges Fenech, dans un article d&rsquo;Atlantico. Retrouvez l&rsquo;article complet<\/p>\n","protected":false},"author":7,"featured_media":0,"comment_status":"closed","ping_status":"","sticky":false,"template":"","format":"standard","meta":{"footnotes":""},"categories":[7],"tags":[],"class_list":["post-6264","post","type-post","status-publish","format-standard","hentry","category-presseetmedias"],"_links":{"self":[{"href":"https:\/\/unitelaique.org\/index.php\/wp-json\/wp\/v2\/posts\/6264","targetHints":{"allow":["GET"]}}],"collection":[{"href":"https:\/\/unitelaique.org\/index.php\/wp-json\/wp\/v2\/posts"}],"about":[{"href":"https:\/\/unitelaique.org\/index.php\/wp-json\/wp\/v2\/types\/post"}],"author":[{"embeddable":true,"href":"https:\/\/unitelaique.org\/index.php\/wp-json\/wp\/v2\/users\/7"}],"replies":[{"embeddable":true,"href":"https:\/\/unitelaique.org\/index.php\/wp-json\/wp\/v2\/comments?post=6264"}],"version-history":[{"count":3,"href":"https:\/\/unitelaique.org\/index.php\/wp-json\/wp\/v2\/posts\/6264\/revisions"}],"predecessor-version":[{"id":6270,"href":"https:\/\/unitelaique.org\/index.php\/wp-json\/wp\/v2\/posts\/6264\/revisions\/6270"}],"wp:attachment":[{"href":"https:\/\/unitelaique.org\/index.php\/wp-json\/wp\/v2\/media?parent=6264"}],"wp:term":[{"taxonomy":"category","embeddable":true,"href":"https:\/\/unitelaique.org\/index.php\/wp-json\/wp\/v2\/categories?post=6264"},{"taxonomy":"post_tag","embeddable":true,"href":"https:\/\/unitelaique.org\/index.php\/wp-json\/wp\/v2\/tags?post=6264"}],"curies":[{"name":"wp","href":"https:\/\/api.w.org\/{rel}","templated":true}]}}