{"id":6328,"date":"2023-11-30T09:57:50","date_gmt":"2023-11-30T08:57:50","guid":{"rendered":"https:\/\/unitelaique.org\/?p=6328"},"modified":"2024-07-02T16:35:48","modified_gmt":"2024-07-02T14:35:48","slug":"il-est-de-notre-devoir-de-faire-preuve-dunite-de-fraternite-et-de-courage-le-journal-du-dimanche","status":"publish","type":"post","link":"https:\/\/unitelaique.org\/index.php\/2023\/11\/30\/il-est-de-notre-devoir-de-faire-preuve-dunite-de-fraternite-et-de-courage-le-journal-du-dimanche\/","title":{"rendered":"\u00ab\u00a0Il est de notre devoir de faire preuve d&rsquo;unit\u00e9, de fraternit\u00e9 et de courage.\u00a0\u00bb &#8211; Le Journal du Dimanche"},"content":{"rendered":"\n<p class=\"has-medium-font-size\" style=\"font-style:normal;font-weight:700\">Discours de Micka\u00eblle Paty devant plus de 4 000 maires lors de la session pl\u00e9ni\u00e8re de cl\u00f4ture <br>du congr\u00e8s de l\u2019association des maires de France. Fiers d\u2019\u00eatre \u00e0 ses c\u00f4t\u00e9s.<\/p>\n\n\n\n<p style=\"font-style:italic;font-weight:400\">\u00ab Le 12 juin dernier l\u2019association Unit\u00e9 La\u00efque pr\u00e9sid\u00e9e par Jean-Pierre Sakoun a lanc\u00e9 une <br>initiative nationale \u00e0 laquelle j\u2019apporte tout mon soutien. \u00bb<\/p>\n\n\n\n<figure class=\"wp-block-image size-large\"><img loading=\"lazy\" decoding=\"async\" width=\"715\" height=\"1024\" src=\"https:\/\/unitelaique.org\/wp-content\/uploads\/2023\/11\/202320231126-Article-Mickaelle-Paty-JDD-715x1024.jpg\" alt=\"\" class=\"wp-image-6329\" srcset=\"https:\/\/unitelaique.org\/wp-content\/uploads\/2023\/11\/202320231126-Article-Mickaelle-Paty-JDD-715x1024.jpg 715w, https:\/\/unitelaique.org\/wp-content\/uploads\/2023\/11\/202320231126-Article-Mickaelle-Paty-JDD-209x300.jpg 209w, https:\/\/unitelaique.org\/wp-content\/uploads\/2023\/11\/202320231126-Article-Mickaelle-Paty-JDD-768x1100.jpg 768w, https:\/\/unitelaique.org\/wp-content\/uploads\/2023\/11\/202320231126-Article-Mickaelle-Paty-JDD-1072x1536.jpg 1072w, https:\/\/unitelaique.org\/wp-content\/uploads\/2023\/11\/202320231126-Article-Mickaelle-Paty-JDD-17x24.jpg 17w, https:\/\/unitelaique.org\/wp-content\/uploads\/2023\/11\/202320231126-Article-Mickaelle-Paty-JDD-25x36.jpg 25w, https:\/\/unitelaique.org\/wp-content\/uploads\/2023\/11\/202320231126-Article-Mickaelle-Paty-JDD-34x48.jpg 34w, https:\/\/unitelaique.org\/wp-content\/uploads\/2023\/11\/202320231126-Article-Mickaelle-Paty-JDD.jpg 1242w\" sizes=\"auto, (max-width: 715px) 100vw, 715px\" \/><\/figure>\n","protected":false},"excerpt":{"rendered":"<p>Discours de Micka\u00eblle Paty devant plus de 4 000 maires lors de la session pl\u00e9ni\u00e8re de cl\u00f4ture du congr\u00e8s de l\u2019association des maires de France. Fiers d\u2019\u00eatre \u00e0 ses c\u00f4t\u00e9s. \u00ab Le 12 juin dernier l\u2019association Unit\u00e9 La\u00efque pr\u00e9sid\u00e9e par Jean-Pierre Sakoun a lanc\u00e9 une initiative nationale \u00e0 laquelle j\u2019apporte tout mon soutien. \u00bb<\/p>\n","protected":false},"author":7,"featured_media":0,"comment_status":"closed","ping_status":"closed","sticky":false,"template":"","format":"standard","meta":{"footnotes":""},"categories":[6,39,7],"tags":[],"class_list":["post-6328","post","type-post","status-publish","format-standard","hentry","category-actualitelaicite","category-presse-medias","category-presseetmedias"],"_links":{"self":[{"href":"https:\/\/unitelaique.org\/index.php\/wp-json\/wp\/v2\/posts\/6328","targetHints":{"allow":["GET"]}}],"collection":[{"href":"https:\/\/unitelaique.org\/index.php\/wp-json\/wp\/v2\/posts"}],"about":[{"href":"https:\/\/unitelaique.org\/index.php\/wp-json\/wp\/v2\/types\/post"}],"author":[{"embeddable":true,"href":"https:\/\/unitelaique.org\/index.php\/wp-json\/wp\/v2\/users\/7"}],"replies":[{"embeddable":true,"href":"https:\/\/unitelaique.org\/index.php\/wp-json\/wp\/v2\/comments?post=6328"}],"version-history":[{"count":3,"href":"https:\/\/unitelaique.org\/index.php\/wp-json\/wp\/v2\/posts\/6328\/revisions"}],"predecessor-version":[{"id":6332,"href":"https:\/\/unitelaique.org\/index.php\/wp-json\/wp\/v2\/posts\/6328\/revisions\/6332"}],"wp:attachment":[{"href":"https:\/\/unitelaique.org\/index.php\/wp-json\/wp\/v2\/media?parent=6328"}],"wp:term":[{"taxonomy":"category","embeddable":true,"href":"https:\/\/unitelaique.org\/index.php\/wp-json\/wp\/v2\/categories?post=6328"},{"taxonomy":"post_tag","embeddable":true,"href":"https:\/\/unitelaique.org\/index.php\/wp-json\/wp\/v2\/tags?post=6328"}],"curies":[{"name":"wp","href":"https:\/\/api.w.org\/{rel}","templated":true}]}}