{"id":6333,"date":"2023-11-30T10:11:24","date_gmt":"2023-11-30T09:11:24","guid":{"rendered":"https:\/\/unitelaique.org\/?p=6333"},"modified":"2024-07-02T16:35:43","modified_gmt":"2024-07-02T14:35:43","slug":"reprise-du-nom-de-samuel-paty-cest-un-combat-pour-la-memoire-le-souvenir-et-le-respect-europe-1","status":"publish","type":"post","link":"https:\/\/unitelaique.org\/index.php\/2023\/11\/30\/reprise-du-nom-de-samuel-paty-cest-un-combat-pour-la-memoire-le-souvenir-et-le-respect-europe-1\/","title":{"rendered":"Reprise du nom de Samuel Paty : \u00abC&rsquo;est un combat pour la m\u00e9moire, le souvenir et le respect.\u00bb &#8211; Europe 1"},"content":{"rendered":"\n<p class=\"has-medium-font-size\" style=\"font-style:normal;font-weight:700\"><strong>Jean-Pierre Sakoun, pr\u00e9sident de l\u2019association Unit\u00e9 La\u00efque, r\u00e9pond aux questions de Dimitri Pavlenko. Ensemble, ils reviennent sur son combat pour que le nom de Samuel Paty soit donn\u00e9 \u00e0 des \u00e9tablissements publics \u00e0 la m\u00e9moire de l&rsquo;enseignant assassin\u00e9.<\/strong><\/p>\n\n\n\n<p class=\"has-medium-font-size\" style=\"font-style:normal;font-weight:700\"><a href=\"https:\/\/www.europe1.fr\/emissions\/L-interview-de-7h40\/reprise-du-nom-de-samuel-paty-cest-un-combat-pour-la-memoire-le-souvenir-et-le-respect-estime-jean-pierre-sakoun-4216632\" data-type=\"link\" data-id=\"https:\/\/www.europe1.fr\/emissions\/L-interview-de-7h40\/reprise-du-nom-de-samuel-paty-cest-un-combat-pour-la-memoire-le-souvenir-et-le-respect-estime-jean-pierre-sakoun-4216632\">Retrouvez l&rsquo;interview compl\u00e8te<\/a><br><\/p>\n\n\n\n<figure class=\"wp-block-image size-large\"><img loading=\"lazy\" decoding=\"async\" width=\"1024\" height=\"654\" src=\"https:\/\/unitelaique.org\/wp-content\/uploads\/2023\/11\/ITW-JP-EUROPE-1-1024x654.png\" alt=\"\" class=\"wp-image-6334\" srcset=\"https:\/\/unitelaique.org\/wp-content\/uploads\/2023\/11\/ITW-JP-EUROPE-1-1024x654.png 1024w, https:\/\/unitelaique.org\/wp-content\/uploads\/2023\/11\/ITW-JP-EUROPE-1-300x192.png 300w, https:\/\/unitelaique.org\/wp-content\/uploads\/2023\/11\/ITW-JP-EUROPE-1-768x490.png 768w, https:\/\/unitelaique.org\/wp-content\/uploads\/2023\/11\/ITW-JP-EUROPE-1-24x15.png 24w, https:\/\/unitelaique.org\/wp-content\/uploads\/2023\/11\/ITW-JP-EUROPE-1-36x23.png 36w, https:\/\/unitelaique.org\/wp-content\/uploads\/2023\/11\/ITW-JP-EUROPE-1-48x31.png 48w, https:\/\/unitelaique.org\/wp-content\/uploads\/2023\/11\/ITW-JP-EUROPE-1.png 1248w\" sizes=\"auto, (max-width: 1024px) 100vw, 1024px\" \/><\/figure>\n","protected":false},"excerpt":{"rendered":"<p>Jean-Pierre Sakoun, pr\u00e9sident de l\u2019association Unit\u00e9 La\u00efque, r\u00e9pond aux questions de Dimitri Pavlenko. Ensemble, ils reviennent sur son combat pour que le nom de Samuel Paty soit donn\u00e9 \u00e0 des \u00e9tablissements publics \u00e0 la m\u00e9moire de l&rsquo;enseignant assassin\u00e9. Retrouvez l&rsquo;interview compl\u00e8te<\/p>\n","protected":false},"author":7,"featured_media":0,"comment_status":"closed","ping_status":"closed","sticky":false,"template":"","format":"standard","meta":{"footnotes":""},"categories":[6,39,7],"tags":[],"class_list":["post-6333","post","type-post","status-publish","format-standard","hentry","category-actualitelaicite","category-presse-medias","category-presseetmedias"],"_links":{"self":[{"href":"https:\/\/unitelaique.org\/index.php\/wp-json\/wp\/v2\/posts\/6333","targetHints":{"allow":["GET"]}}],"collection":[{"href":"https:\/\/unitelaique.org\/index.php\/wp-json\/wp\/v2\/posts"}],"about":[{"href":"https:\/\/unitelaique.org\/index.php\/wp-json\/wp\/v2\/types\/post"}],"author":[{"embeddable":true,"href":"https:\/\/unitelaique.org\/index.php\/wp-json\/wp\/v2\/users\/7"}],"replies":[{"embeddable":true,"href":"https:\/\/unitelaique.org\/index.php\/wp-json\/wp\/v2\/comments?post=6333"}],"version-history":[{"count":4,"href":"https:\/\/unitelaique.org\/index.php\/wp-json\/wp\/v2\/posts\/6333\/revisions"}],"predecessor-version":[{"id":6338,"href":"https:\/\/unitelaique.org\/index.php\/wp-json\/wp\/v2\/posts\/6333\/revisions\/6338"}],"wp:attachment":[{"href":"https:\/\/unitelaique.org\/index.php\/wp-json\/wp\/v2\/media?parent=6333"}],"wp:term":[{"taxonomy":"category","embeddable":true,"href":"https:\/\/unitelaique.org\/index.php\/wp-json\/wp\/v2\/categories?post=6333"},{"taxonomy":"post_tag","embeddable":true,"href":"https:\/\/unitelaique.org\/index.php\/wp-json\/wp\/v2\/tags?post=6333"}],"curies":[{"name":"wp","href":"https:\/\/api.w.org\/{rel}","templated":true}]}}