{"id":6559,"date":"2024-01-03T15:31:06","date_gmt":"2024-01-03T14:31:06","guid":{"rendered":"https:\/\/unitelaique.org\/?p=6559"},"modified":"2024-01-03T15:32:52","modified_gmt":"2024-01-03T14:32:52","slug":"on-ne-combat-pas-un-modele-social-on-le-demode-le-soft-power-religieux-et-marchand-a-lassaut-de-la-republique-cites","status":"publish","type":"post","link":"https:\/\/unitelaique.org\/index.php\/2024\/01\/03\/on-ne-combat-pas-un-modele-social-on-le-demode-le-soft-power-religieux-et-marchand-a-lassaut-de-la-republique-cites\/","title":{"rendered":"\u00ab\u00a0On ne combat pas un mod\u00e8le social, on le d\u00e9mode\u00a0\u00bb. Le soft power religieux et marchand \u00e0 l\u2019assaut de la R\u00e9publique &#8211; Cit\u00e9s"},"content":{"rendered":"\n<div class=\"wp-block-columns is-layout-flex wp-container-core-columns-is-layout-9d6595d7 wp-block-columns-is-layout-flex\">\n<div class=\"wp-block-column is-layout-flow wp-block-column-is-layout-flow\" style=\"flex-basis:66.66%\">\n<p style=\"font-size:22px\"><strong>D\u00e9couvrez l\u2019article d\u2019Aline Girard qui vient de para\u00eetre dans la revue Cit\u00e9s, \u00e9dit\u00e9es par les Presses universitaires de France.<\/strong><\/p>\n\n\n\n<p><a href=\"https:\/\/www.cairn.info\/revue-cites-2023-4-page-173.htm?tap=nbf1ozrv5m8oz&amp;wt.mc_id=crn-tap-a-101565\" data-type=\"link\" data-id=\"https:\/\/www.cairn.info\/revue-cites-2023-4-page-173.htm?tap=nbf1ozrv5m8oz&amp;wt.mc_id=crn-tap-a-101565\">En acc\u00e8s libre et gratuit<\/a> jusqu&rsquo;au 19 janvier 2024. Il est aussi disponible dans la version imprim\u00e9e de Cit\u00e9s (2023\/4 &#8211; N\u00b0 96). Le num\u00e9ro 96 est consacr\u00e9 \u00e0 Max Weber.<\/p>\n\n\n\n<p>Pour aller plus loin sur ce th\u00e8me : Aline Girard, Vers une soci\u00e9t\u00e9 communautariste et confessionnelle. Le cas Samuel Grzybowski, Paris Pont9 Editions, 2023 <a href=\"https:\/\/aupont9.com\/vers-une-societe-communautariste-et-confessionnelle\/\">https:\/\/aupont9.com\/vers-une-societe-communautariste-et-confessionnelle\/<\/a><\/p>\n<\/div>\n\n\n\n<div class=\"wp-block-column is-layout-flow wp-block-column-is-layout-flow\" style=\"flex-basis:33.33%\">\n<figure class=\"wp-block-image size-full\"><a href=\"https:\/\/www.cairn.info\/revue-cites-2023-4-page-173.htm?tap=nbf1ozrv5m8oz&amp;wt.mc_id=crn-tap-a-101565\"><img loading=\"lazy\" decoding=\"async\" width=\"204\" height=\"279\" src=\"https:\/\/unitelaique.org\/wp-content\/uploads\/2024\/01\/Cites-Aline-janvier-2024.jpg\" alt=\"\" class=\"wp-image-6560\" srcset=\"https:\/\/unitelaique.org\/wp-content\/uploads\/2024\/01\/Cites-Aline-janvier-2024.jpg 204w, https:\/\/unitelaique.org\/wp-content\/uploads\/2024\/01\/Cites-Aline-janvier-2024-18x24.jpg 18w, https:\/\/unitelaique.org\/wp-content\/uploads\/2024\/01\/Cites-Aline-janvier-2024-26x36.jpg 26w, https:\/\/unitelaique.org\/wp-content\/uploads\/2024\/01\/Cites-Aline-janvier-2024-35x48.jpg 35w\" sizes=\"auto, (max-width: 204px) 100vw, 204px\" \/><\/a><\/figure>\n<\/div>\n<\/div>\n\n\n\n<p><a href=\"https:\/\/www.cairn.info\/revue-cites-2023-4-page-173.htm?tap=nbf1ozrv5m8oz&amp;wt.mc_id=crn-tap-a-101565\" data-type=\"link\" data-id=\"https:\/\/www.cairn.info\/revue-cites-2023-4-page-173.htm?tap=nbf1ozrv5m8oz&amp;wt.mc_id=crn-tap-a-101565\">D\u00e9couvrez l\u2019article complet<\/a><\/p>\n","protected":false},"excerpt":{"rendered":"<p>D\u00e9couvrez l\u2019article d\u2019Aline Girard qui vient de para\u00eetre dans la revue Cit\u00e9s, \u00e9dit\u00e9es par les Presses universitaires de France. En acc\u00e8s libre et gratuit jusqu&rsquo;au 19 janvier 2024. Il est aussi disponible dans la version imprim\u00e9e de Cit\u00e9s (2023\/4 &#8211; N\u00b0 96). Le num\u00e9ro 96 est consacr\u00e9 \u00e0 Max Weber. Pour aller plus loin sur [&hellip;]<\/p>\n","protected":false},"author":7,"featured_media":0,"comment_status":"closed","ping_status":"","sticky":false,"template":"","format":"standard","meta":{"footnotes":""},"categories":[6,7],"tags":[],"class_list":["post-6559","post","type-post","status-publish","format-standard","hentry","category-actualitelaicite","category-presseetmedias"],"_links":{"self":[{"href":"https:\/\/unitelaique.org\/index.php\/wp-json\/wp\/v2\/posts\/6559","targetHints":{"allow":["GET"]}}],"collection":[{"href":"https:\/\/unitelaique.org\/index.php\/wp-json\/wp\/v2\/posts"}],"about":[{"href":"https:\/\/unitelaique.org\/index.php\/wp-json\/wp\/v2\/types\/post"}],"author":[{"embeddable":true,"href":"https:\/\/unitelaique.org\/index.php\/wp-json\/wp\/v2\/users\/7"}],"replies":[{"embeddable":true,"href":"https:\/\/unitelaique.org\/index.php\/wp-json\/wp\/v2\/comments?post=6559"}],"version-history":[{"count":5,"href":"https:\/\/unitelaique.org\/index.php\/wp-json\/wp\/v2\/posts\/6559\/revisions"}],"predecessor-version":[{"id":6564,"href":"https:\/\/unitelaique.org\/index.php\/wp-json\/wp\/v2\/posts\/6559\/revisions\/6564"}],"wp:attachment":[{"href":"https:\/\/unitelaique.org\/index.php\/wp-json\/wp\/v2\/media?parent=6559"}],"wp:term":[{"taxonomy":"category","embeddable":true,"href":"https:\/\/unitelaique.org\/index.php\/wp-json\/wp\/v2\/categories?post=6559"},{"taxonomy":"post_tag","embeddable":true,"href":"https:\/\/unitelaique.org\/index.php\/wp-json\/wp\/v2\/tags?post=6559"}],"curies":[{"name":"wp","href":"https:\/\/api.w.org\/{rel}","templated":true}]}}