{"id":6588,"date":"2024-01-08T11:12:32","date_gmt":"2024-01-08T10:12:32","guid":{"rendered":"https:\/\/unitelaique.org\/?p=6588"},"modified":"2024-01-08T11:13:50","modified_gmt":"2024-01-08T10:13:50","slug":"cycle-de-conferences-jean-marie-matisson","status":"publish","type":"post","link":"https:\/\/unitelaique.org\/index.php\/2024\/01\/08\/cycle-de-conferences-jean-marie-matisson\/","title":{"rendered":"Cycle de conf\u00e9rences Jean-Marie Matisson"},"content":{"rendered":"\n<div class=\"wp-block-columns is-layout-flex wp-container-core-columns-is-layout-9d6595d7 wp-block-columns-is-layout-flex\">\n<div class=\"wp-block-column is-layout-flow wp-block-column-is-layout-flow\"><div class=\"wp-block-image\">\n<figure class=\"aligncenter size-full is-resized\"><img loading=\"lazy\" decoding=\"async\" width=\"564\" height=\"795\" src=\"https:\/\/unitelaique.org\/wp-content\/uploads\/2024\/01\/Conference-matisson-2-2-24.jpg\" alt=\"\" class=\"wp-image-6582\" style=\"width:372px;height:auto\" srcset=\"https:\/\/unitelaique.org\/wp-content\/uploads\/2024\/01\/Conference-matisson-2-2-24.jpg 564w, https:\/\/unitelaique.org\/wp-content\/uploads\/2024\/01\/Conference-matisson-2-2-24-213x300.jpg 213w, https:\/\/unitelaique.org\/wp-content\/uploads\/2024\/01\/Conference-matisson-2-2-24-17x24.jpg 17w, https:\/\/unitelaique.org\/wp-content\/uploads\/2024\/01\/Conference-matisson-2-2-24-26x36.jpg 26w, https:\/\/unitelaique.org\/wp-content\/uploads\/2024\/01\/Conference-matisson-2-2-24-34x48.jpg 34w\" sizes=\"auto, (max-width: 564px) 100vw, 564px\" \/><\/figure>\n<\/div><\/div>\n\n\n\n<div class=\"wp-block-column is-layout-flow wp-block-column-is-layout-flow\">\n<p style=\"font-size:26px;font-style:normal;font-weight:700\"><br><br>Proc\u00e8s Papon, quand la R\u00e9publique <br>juge l&rsquo;Etat fran\u00e7ais et la La\u00efcit\u00e9, <br>un combat.<\/p>\n\n\n\n<p class=\"has-medium-font-size\">Unit\u00e9 La\u00efque vous invite \u00e0 la conf\u00e9rence <br>publique donn\u00e9e par Jean-Marie Matisson <br>\u00e0 la m\u00e9diath\u00e8que Remy Peyranne, <br>parvis des Citoyens, Castelnau d&rsquo;Estr\u00e9fonds. <br><\/p>\n\n\n\n<p class=\"has-medium-font-size\"><strong>Le Vendredi 2 f\u00e9vrier 2024 \u00e0 19h.<\/strong><\/p>\n<\/div>\n<\/div>\n","protected":false},"excerpt":{"rendered":"<p>Proc\u00e8s Papon, quand la R\u00e9publique juge l&rsquo;Etat fran\u00e7ais et la La\u00efcit\u00e9, un combat. Unit\u00e9 La\u00efque vous invite \u00e0 la conf\u00e9rence publique donn\u00e9e par Jean-Marie Matisson \u00e0 la m\u00e9diath\u00e8que Remy Peyranne, parvis des Citoyens, Castelnau d&rsquo;Estr\u00e9fonds. Le Vendredi 2 f\u00e9vrier 2024 \u00e0 19h.<\/p>\n","protected":false},"author":7,"featured_media":0,"comment_status":"closed","ping_status":"","sticky":false,"template":"","format":"standard","meta":{"footnotes":""},"categories":[20,6],"tags":[],"class_list":["post-6588","post","type-post","status-publish","format-standard","hentry","category-actualites-d-unite-laique","category-actualitelaicite"],"_links":{"self":[{"href":"https:\/\/unitelaique.org\/index.php\/wp-json\/wp\/v2\/posts\/6588","targetHints":{"allow":["GET"]}}],"collection":[{"href":"https:\/\/unitelaique.org\/index.php\/wp-json\/wp\/v2\/posts"}],"about":[{"href":"https:\/\/unitelaique.org\/index.php\/wp-json\/wp\/v2\/types\/post"}],"author":[{"embeddable":true,"href":"https:\/\/unitelaique.org\/index.php\/wp-json\/wp\/v2\/users\/7"}],"replies":[{"embeddable":true,"href":"https:\/\/unitelaique.org\/index.php\/wp-json\/wp\/v2\/comments?post=6588"}],"version-history":[{"count":12,"href":"https:\/\/unitelaique.org\/index.php\/wp-json\/wp\/v2\/posts\/6588\/revisions"}],"predecessor-version":[{"id":6600,"href":"https:\/\/unitelaique.org\/index.php\/wp-json\/wp\/v2\/posts\/6588\/revisions\/6600"}],"wp:attachment":[{"href":"https:\/\/unitelaique.org\/index.php\/wp-json\/wp\/v2\/media?parent=6588"}],"wp:term":[{"taxonomy":"category","embeddable":true,"href":"https:\/\/unitelaique.org\/index.php\/wp-json\/wp\/v2\/categories?post=6588"},{"taxonomy":"post_tag","embeddable":true,"href":"https:\/\/unitelaique.org\/index.php\/wp-json\/wp\/v2\/tags?post=6588"}],"curies":[{"name":"wp","href":"https:\/\/api.w.org\/{rel}","templated":true}]}}