{"id":6634,"date":"2024-01-07T18:27:00","date_gmt":"2024-01-07T17:27:00","guid":{"rendered":"https:\/\/unitelaique.org\/?p=6634"},"modified":"2024-01-18T12:31:06","modified_gmt":"2024-01-18T11:31:06","slug":"saison-2024-a-valence-une-vie-en-resistance-missak-manouchian","status":"publish","type":"post","link":"https:\/\/unitelaique.org\/index.php\/2024\/01\/07\/saison-2024-a-valence-une-vie-en-resistance-missak-manouchian\/","title":{"rendered":"Saison 2024 \u00e0 Valence : Une vie en r\u00e9sistance, Missak Manouchian"},"content":{"rendered":"\n<p style=\"font-size:26px;font-style:normal;font-weight:700\"><strong>Conf\u00e9rence de l\u2019Exil au Panth\u00e9on : Rencontre Inaugurale, <\/strong><br><strong>le Jeudi 25 janvier 2024 \u00e0 18h30<\/strong><\/p>\n\n\n\n<div class=\"wp-block-columns is-layout-flex wp-container-core-columns-is-layout-9d6595d7 wp-block-columns-is-layout-flex\">\n<div class=\"wp-block-column is-layout-flow wp-block-column-is-layout-flow\" style=\"flex-basis:33.33%\">\n<figure class=\"wp-block-image size-full\"><img loading=\"lazy\" decoding=\"async\" width=\"648\" height=\"912\" src=\"https:\/\/unitelaique.org\/wp-content\/uploads\/2024\/01\/Affiche-MM-Vie-en-resistance.jpg\" alt=\"\" class=\"wp-image-6635\" srcset=\"https:\/\/unitelaique.org\/wp-content\/uploads\/2024\/01\/Affiche-MM-Vie-en-resistance.jpg 648w, https:\/\/unitelaique.org\/wp-content\/uploads\/2024\/01\/Affiche-MM-Vie-en-resistance-213x300.jpg 213w, https:\/\/unitelaique.org\/wp-content\/uploads\/2024\/01\/Affiche-MM-Vie-en-resistance-17x24.jpg 17w, https:\/\/unitelaique.org\/wp-content\/uploads\/2024\/01\/Affiche-MM-Vie-en-resistance-26x36.jpg 26w, https:\/\/unitelaique.org\/wp-content\/uploads\/2024\/01\/Affiche-MM-Vie-en-resistance-34x48.jpg 34w\" sizes=\"auto, (max-width: 648px) 100vw, 648px\" \/><\/figure>\n<\/div>\n\n\n\n<div class=\"wp-block-column is-layout-flow wp-block-column-is-layout-flow\" style=\"flex-basis:66.66%\">\n<p class=\"has-medium-font-size\"><strong>De l\u2019exil au Panth\u00e9on, Missak Manouchian.<br>Avec Jean-Pierre Sakoun et Laurent Kupferman.<\/strong><\/p>\n\n\n\n<p class=\"has-medium-font-size\">Toute une ann\u00e9e Manouchian !<br>Premi\u00e8re rencontre de la programmation Missak Manouchian et M\u00e9lin\u00e9e,<br>une vie en R\u00e9sistance, pilot\u00e9e par Le CPA et Unit\u00e9 La\u00efque,<br>aux c\u00f4t\u00e9s de nombreux partenaires de l\u2019Agglo.<\/p>\n\n\n\n<p class=\"has-medium-font-size\"><br><br><strong>Jeudi 25 janvier 2024, 18h30<br>Centre du Patrimoine Arm\u00e9nien de Valence<\/strong><br><strong>14 Rue Louis Gallet, 26000 Valence<\/strong><br><strong>Entr\u00e9e libre<\/strong><\/p>\n<\/div>\n<\/div>\n","protected":false},"excerpt":{"rendered":"<p>Conf\u00e9rence de l\u2019Exil au Panth\u00e9on : Rencontre Inaugurale, le Jeudi 25 janvier 2024 \u00e0 18h30 De l\u2019exil au Panth\u00e9on, Missak Manouchian.Avec Jean-Pierre Sakoun et Laurent Kupferman. Toute une ann\u00e9e Manouchian !Premi\u00e8re rencontre de la programmation Missak Manouchian et M\u00e9lin\u00e9e,une vie en R\u00e9sistance, pilot\u00e9e par Le CPA et Unit\u00e9 La\u00efque,aux c\u00f4t\u00e9s de nombreux partenaires de l\u2019Agglo. [&hellip;]<\/p>\n","protected":false},"author":7,"featured_media":0,"comment_status":"closed","ping_status":"","sticky":false,"template":"","format":"standard","meta":{"footnotes":""},"categories":[20],"tags":[],"class_list":["post-6634","post","type-post","status-publish","format-standard","hentry","category-actualites-d-unite-laique"],"_links":{"self":[{"href":"https:\/\/unitelaique.org\/index.php\/wp-json\/wp\/v2\/posts\/6634","targetHints":{"allow":["GET"]}}],"collection":[{"href":"https:\/\/unitelaique.org\/index.php\/wp-json\/wp\/v2\/posts"}],"about":[{"href":"https:\/\/unitelaique.org\/index.php\/wp-json\/wp\/v2\/types\/post"}],"author":[{"embeddable":true,"href":"https:\/\/unitelaique.org\/index.php\/wp-json\/wp\/v2\/users\/7"}],"replies":[{"embeddable":true,"href":"https:\/\/unitelaique.org\/index.php\/wp-json\/wp\/v2\/comments?post=6634"}],"version-history":[{"count":8,"href":"https:\/\/unitelaique.org\/index.php\/wp-json\/wp\/v2\/posts\/6634\/revisions"}],"predecessor-version":[{"id":6644,"href":"https:\/\/unitelaique.org\/index.php\/wp-json\/wp\/v2\/posts\/6634\/revisions\/6644"}],"wp:attachment":[{"href":"https:\/\/unitelaique.org\/index.php\/wp-json\/wp\/v2\/media?parent=6634"}],"wp:term":[{"taxonomy":"category","embeddable":true,"href":"https:\/\/unitelaique.org\/index.php\/wp-json\/wp\/v2\/categories?post=6634"},{"taxonomy":"post_tag","embeddable":true,"href":"https:\/\/unitelaique.org\/index.php\/wp-json\/wp\/v2\/tags?post=6634"}],"curies":[{"name":"wp","href":"https:\/\/api.w.org\/{rel}","templated":true}]}}