{"id":6754,"date":"2024-03-11T12:37:04","date_gmt":"2024-03-11T11:37:04","guid":{"rendered":"https:\/\/unitelaique.org\/?p=6754"},"modified":"2024-03-11T12:40:35","modified_gmt":"2024-03-11T11:40:35","slug":"enseigner-a-en-mourir","status":"publish","type":"post","link":"https:\/\/unitelaique.org\/index.php\/2024\/03\/11\/enseigner-a-en-mourir\/","title":{"rendered":"Enseigner \u00e0 en mourir"},"content":{"rendered":"\n<div class=\"wp-block-columns is-layout-flex wp-container-core-columns-is-layout-9d6595d7 wp-block-columns-is-layout-flex\">\n<div class=\"wp-block-column is-layout-flow wp-block-column-is-layout-flow\">\n<p style=\"font-size:25px;font-style:normal;font-weight:600\">Projection priv\u00e9e du film de Jawad Rhalib, <br>\u00ab\u00a0Amal, un esprit libre\u00a0\u00bb et table ronde<\/p>\n\n\n\n<p>Amal, enseignante dans un lyc\u00e9e \u00e0 Bruxelles, encourage ses \u00e9l\u00e8ves \u00e0 s\u2019exprimer librement. De par ses m\u00e9thodes p\u00e9dagogiques audacieuses et son enthousiasme, elle va bouleverser leur vie. Jusqu\u2019\u00e0 en choquer certains. Peu \u00e0 peu, Amal va se sentir harcel\u00e9e, menac\u00e9e.<br><br>Les invit\u00e9s de cette soir\u00e9e co-organis\u00e9e par les associations \u00c9gale, Le Chevalier de la Barre et Unit\u00e9 La\u00efque, avec le concours de UFO production : Micka\u00eblle Paty, Renaud D\u00e9ly, Djemila Benhabib, Nadia Geerts, Iannis Roder, Martine Cerf, Daniel B\u00e9nichou et Jean-Pierre Sakoun.<br><br><strong><a href=\"https:\/\/docs.google.com\/forms\/d\/e\/1FAIpQLScu6k_GKQXXbEujSTfSNXTPn7IUccItxffqfgrYcgagR2YBAw\/viewform?fbclid=IwAR0NDTFm51ffT5j0vjCrkNT2KNHObIbVY25Kn2IziC0b6jjJETa0CNQuBZo\" data-type=\"link\" data-id=\"https:\/\/docs.google.com\/forms\/d\/e\/1FAIpQLScu6k_GKQXXbEujSTfSNXTPn7IUccItxffqfgrYcgagR2YBAw\/viewform?fbclid=IwAR0NDTFm51ffT5j0vjCrkNT2KNHObIbVY25Kn2IziC0b6jjJETa0CNQuBZo\">INSCRIPTION<\/a> <\/strong><\/p>\n\n\n\n<p><strong>Le Mercredi 27 Mars 2024, de 20h \u00e0 23h<br>Cin\u00e9ma Majestic Passy, Paris 16<\/strong><br><br><strong>Tarif plein : 12,70\u20ac<br>Tarif r\u00e9duit : 11\u20ac<br>Tarif adh\u00e9rents d&rsquo;une des trois associations : 7\u20ac <\/strong><\/p>\n\n\n\n<p><strong><a href=\"https:\/\/unitelaique.org\/wp-content\/uploads\/2024\/03\/affiche-enseigner-a-en-mourir.pdf\" data-type=\"link\" data-id=\"https:\/\/unitelaique.org\/wp-content\/uploads\/2024\/03\/affiche-enseigner-a-en-mourir.pdf\">T\u00e9l\u00e9charger l&rsquo;affiche<\/a><\/strong><\/p>\n<\/div>\n\n\n\n<div class=\"wp-block-column is-layout-flow wp-block-column-is-layout-flow\">\n<figure class=\"wp-block-image size-full\"><img loading=\"lazy\" decoding=\"async\" width=\"600\" height=\"611\" src=\"https:\/\/unitelaique.org\/wp-content\/uploads\/2024\/03\/affiche-enseigner-a-en-mouririnsta.jpg\" alt=\"\" class=\"wp-image-6755\" srcset=\"https:\/\/unitelaique.org\/wp-content\/uploads\/2024\/03\/affiche-enseigner-a-en-mouririnsta.jpg 600w, https:\/\/unitelaique.org\/wp-content\/uploads\/2024\/03\/affiche-enseigner-a-en-mouririnsta-295x300.jpg 295w, https:\/\/unitelaique.org\/wp-content\/uploads\/2024\/03\/affiche-enseigner-a-en-mouririnsta-24x24.jpg 24w, https:\/\/unitelaique.org\/wp-content\/uploads\/2024\/03\/affiche-enseigner-a-en-mouririnsta-36x36.jpg 36w, https:\/\/unitelaique.org\/wp-content\/uploads\/2024\/03\/affiche-enseigner-a-en-mouririnsta-48x48.jpg 48w\" sizes=\"auto, (max-width: 600px) 100vw, 600px\" \/><\/figure>\n<\/div>\n<\/div>\n","protected":false},"excerpt":{"rendered":"<p>Projection priv\u00e9e du film de Jawad Rhalib, \u00ab\u00a0Amal, un esprit libre\u00a0\u00bb et table ronde Amal, enseignante dans un lyc\u00e9e \u00e0 Bruxelles, encourage ses \u00e9l\u00e8ves \u00e0 s\u2019exprimer librement. De par ses m\u00e9thodes p\u00e9dagogiques audacieuses et son enthousiasme, elle va bouleverser leur vie. Jusqu\u2019\u00e0 en choquer certains. Peu \u00e0 peu, Amal va se sentir harcel\u00e9e, menac\u00e9e. Les [&hellip;]<\/p>\n","protected":false},"author":7,"featured_media":0,"comment_status":"closed","ping_status":"","sticky":false,"template":"","format":"standard","meta":{"footnotes":""},"categories":[20,25],"tags":[],"class_list":["post-6754","post","type-post","status-publish","format-standard","hentry","category-actualites-d-unite-laique","category-colloques-et-tables-rondes"],"_links":{"self":[{"href":"https:\/\/unitelaique.org\/index.php\/wp-json\/wp\/v2\/posts\/6754","targetHints":{"allow":["GET"]}}],"collection":[{"href":"https:\/\/unitelaique.org\/index.php\/wp-json\/wp\/v2\/posts"}],"about":[{"href":"https:\/\/unitelaique.org\/index.php\/wp-json\/wp\/v2\/types\/post"}],"author":[{"embeddable":true,"href":"https:\/\/unitelaique.org\/index.php\/wp-json\/wp\/v2\/users\/7"}],"replies":[{"embeddable":true,"href":"https:\/\/unitelaique.org\/index.php\/wp-json\/wp\/v2\/comments?post=6754"}],"version-history":[{"count":11,"href":"https:\/\/unitelaique.org\/index.php\/wp-json\/wp\/v2\/posts\/6754\/revisions"}],"predecessor-version":[{"id":6768,"href":"https:\/\/unitelaique.org\/index.php\/wp-json\/wp\/v2\/posts\/6754\/revisions\/6768"}],"wp:attachment":[{"href":"https:\/\/unitelaique.org\/index.php\/wp-json\/wp\/v2\/media?parent=6754"}],"wp:term":[{"taxonomy":"category","embeddable":true,"href":"https:\/\/unitelaique.org\/index.php\/wp-json\/wp\/v2\/categories?post=6754"},{"taxonomy":"post_tag","embeddable":true,"href":"https:\/\/unitelaique.org\/index.php\/wp-json\/wp\/v2\/tags?post=6754"}],"curies":[{"name":"wp","href":"https:\/\/api.w.org\/{rel}","templated":true}]}}