{"id":6796,"date":"2024-03-27T16:30:20","date_gmt":"2024-03-27T15:30:20","guid":{"rendered":"https:\/\/unitelaique.org\/?p=6796"},"modified":"2024-03-27T16:30:20","modified_gmt":"2024-03-27T15:30:20","slug":"festival-la-resistance-au-cinema-larmee-du-crime","status":"publish","type":"post","link":"https:\/\/unitelaique.org\/index.php\/2024\/03\/27\/festival-la-resistance-au-cinema-larmee-du-crime\/","title":{"rendered":"Festival la r\u00e9sistance au cin\u00e9ma : L&rsquo;arm\u00e9e du crime"},"content":{"rendered":"\n<div class=\"wp-block-columns is-layout-flex wp-container-core-columns-is-layout-9d6595d7 wp-block-columns-is-layout-flex\">\n<div class=\"wp-block-column is-layout-flow wp-block-column-is-layout-flow\">\n<figure class=\"wp-block-image size-full\"><img loading=\"lazy\" decoding=\"async\" width=\"657\" height=\"663\" src=\"https:\/\/unitelaique.org\/wp-content\/uploads\/2024\/03\/IMG-20240327-WA0000.jpg\" alt=\"\" class=\"wp-image-6797\" srcset=\"https:\/\/unitelaique.org\/wp-content\/uploads\/2024\/03\/IMG-20240327-WA0000.jpg 657w, https:\/\/unitelaique.org\/wp-content\/uploads\/2024\/03\/IMG-20240327-WA0000-297x300.jpg 297w, https:\/\/unitelaique.org\/wp-content\/uploads\/2024\/03\/IMG-20240327-WA0000-150x150.jpg 150w, https:\/\/unitelaique.org\/wp-content\/uploads\/2024\/03\/IMG-20240327-WA0000-24x24.jpg 24w, https:\/\/unitelaique.org\/wp-content\/uploads\/2024\/03\/IMG-20240327-WA0000-36x36.jpg 36w, https:\/\/unitelaique.org\/wp-content\/uploads\/2024\/03\/IMG-20240327-WA0000-48x48.jpg 48w\" sizes=\"auto, (max-width: 657px) 100vw, 657px\" \/><\/figure>\n<\/div>\n\n\n\n<div class=\"wp-block-column is-layout-flow wp-block-column-is-layout-flow\">\n<p style=\"font-size:25px;font-style:normal;font-weight:600\">Diffusion du film L&rsquo;arm\u00e9e du crime suivie d&rsquo;un d\u00e9bat avec Jean-Pierre Sakoun.<\/p>\n\n\n\n<p>L&rsquo;ARM\u00c9E DU CRIME, r\u00e9alis\u00e9 par Robert Guediguian.<\/p>\n\n\n\n<p>\u00c0 Paris, sous l&rsquo;occupation allemande, un groupe de r\u00e9sistants \u00e9trangers communistes FTP-MOI combat pour lib\u00e9rer la France qu&rsquo;ils aiment, celle des Droits de l&rsquo;Homme, avec \u00e0 sa t\u00eate Missak Manouchian devenu commissaire militaire d\u00e8s 1943. Le film retrace l&rsquo;histoire de ce groupe, jusqu&rsquo;\u00e0 son d\u00e9mant\u00e8lement par la police de Vichy, son proc\u00e8s par les nazis et l&rsquo;ex\u00e9cution de ses membres.<\/p>\n\n\n\n<p>Apr\u00e8s la diffusion du film, d\u00e9bat avec Jean-Pierre Sakoun, pr\u00e9sident du comit\u00e9 pour l&rsquo;entr\u00e9e au Panth\u00e9on de Missak Manouchian et pr\u00e9sident de l&rsquo;association Unit\u00e9 La\u00efque.<\/p>\n\n\n\n<p><strong>Cin\u00e9ma Le Trianon<br>Place Carnot, 93230 Romainville<\/strong><br><strong>Le Vendredi 29 Mars 2024 \u00e0 20h<\/strong><\/p>\n\n\n\n<p><strong><a href=\"https:\/\/www.facebook.com\/events\/2143256249343737\" data-type=\"link\" data-id=\"https:\/\/www.facebook.com\/events\/2143256249343737\">Plus d&rsquo;informations<\/a><\/strong><\/p>\n<\/div>\n<\/div>\n","protected":false},"excerpt":{"rendered":"<p>Diffusion du film L&rsquo;arm\u00e9e du crime suivie d&rsquo;un d\u00e9bat avec Jean-Pierre Sakoun. L&rsquo;ARM\u00c9E DU CRIME, r\u00e9alis\u00e9 par Robert Guediguian. \u00c0 Paris, sous l&rsquo;occupation allemande, un groupe de r\u00e9sistants \u00e9trangers communistes FTP-MOI combat pour lib\u00e9rer la France qu&rsquo;ils aiment, celle des Droits de l&rsquo;Homme, avec \u00e0 sa t\u00eate Missak Manouchian devenu commissaire militaire d\u00e8s 1943. Le [&hellip;]<\/p>\n","protected":false},"author":7,"featured_media":0,"comment_status":"closed","ping_status":"","sticky":false,"template":"","format":"standard","meta":{"footnotes":""},"categories":[20],"tags":[],"class_list":["post-6796","post","type-post","status-publish","format-standard","hentry","category-actualites-d-unite-laique"],"_links":{"self":[{"href":"https:\/\/unitelaique.org\/index.php\/wp-json\/wp\/v2\/posts\/6796","targetHints":{"allow":["GET"]}}],"collection":[{"href":"https:\/\/unitelaique.org\/index.php\/wp-json\/wp\/v2\/posts"}],"about":[{"href":"https:\/\/unitelaique.org\/index.php\/wp-json\/wp\/v2\/types\/post"}],"author":[{"embeddable":true,"href":"https:\/\/unitelaique.org\/index.php\/wp-json\/wp\/v2\/users\/7"}],"replies":[{"embeddable":true,"href":"https:\/\/unitelaique.org\/index.php\/wp-json\/wp\/v2\/comments?post=6796"}],"version-history":[{"count":1,"href":"https:\/\/unitelaique.org\/index.php\/wp-json\/wp\/v2\/posts\/6796\/revisions"}],"predecessor-version":[{"id":6798,"href":"https:\/\/unitelaique.org\/index.php\/wp-json\/wp\/v2\/posts\/6796\/revisions\/6798"}],"wp:attachment":[{"href":"https:\/\/unitelaique.org\/index.php\/wp-json\/wp\/v2\/media?parent=6796"}],"wp:term":[{"taxonomy":"category","embeddable":true,"href":"https:\/\/unitelaique.org\/index.php\/wp-json\/wp\/v2\/categories?post=6796"},{"taxonomy":"post_tag","embeddable":true,"href":"https:\/\/unitelaique.org\/index.php\/wp-json\/wp\/v2\/tags?post=6796"}],"curies":[{"name":"wp","href":"https:\/\/api.w.org\/{rel}","templated":true}]}}