{"id":6956,"date":"2024-05-27T11:54:13","date_gmt":"2024-05-27T09:54:13","guid":{"rendered":"https:\/\/unitelaique.org\/?p=6956"},"modified":"2024-05-27T11:58:30","modified_gmt":"2024-05-27T09:58:30","slug":"cine-debat-la-traque-de-laffiche-rouge","status":"publish","type":"post","link":"https:\/\/unitelaique.org\/index.php\/2024\/05\/27\/cine-debat-la-traque-de-laffiche-rouge\/","title":{"rendered":"Cin\u00e9-d\u00e9bat : \u00ab\u00a0La traque de l&rsquo;affiche rouge\u00a0\u00bb"},"content":{"rendered":"\n<div class=\"wp-block-columns is-layout-flex wp-container-core-columns-is-layout-9d6595d7 wp-block-columns-is-layout-flex\">\n<div class=\"wp-block-column is-layout-flow wp-block-column-is-layout-flow\"><div class=\"wp-block-image\">\n<figure class=\"aligncenter size-large is-resized\"><img loading=\"lazy\" decoding=\"async\" width=\"724\" height=\"1024\" src=\"https:\/\/unitelaique.org\/wp-content\/uploads\/2024\/05\/Affiche-Cine-debat-LEcho-31-05-pdf-724x1024.jpg\" alt=\"\" class=\"wp-image-6957\" style=\"width:383px;height:auto\"\/><\/figure>\n<\/div><\/div>\n\n\n\n<div class=\"wp-block-column is-layout-flow wp-block-column-is-layout-flow\">\n<p style=\"font-size:25px;font-style:normal;font-weight:600\">Projection du film <br>\u00ab\u00a0La traque de l&rsquo;affiche rouge\u00a0\u00bb <br>suivi d&rsquo;un d\u00e9bat anim\u00e9 par Jean-Pierre Sakoun.<\/p>\n\n\n\n<p style=\"font-style:normal;font-weight:600\">Vendredi 31 Mai 2024, \u00e0 18h45<br><br>M\u00e9diath\u00e8que l\u2019\u00c9cho<br>Auditorium Loun\u00e8s-Matoub<br>53 avenue de Fontainebleau<br>94270 Le Kremlin-Bic\u00eatre<\/p>\n\n\n\n<p class=\"has-medium-font-size\"><a href=\"https:\/\/www.kremlinbicetre.fr\/evenements\/lecho-fait-son-cinema-la-traque-de-laffiche-rouge\/\" data-type=\"link\" data-id=\"https:\/\/www.kremlinbicetre.fr\/evenements\/lecho-fait-son-cinema-la-traque-de-laffiche-rouge\/\"><strong>Plus d&rsquo;informations<\/strong><\/a><\/p>\n<\/div>\n<\/div>\n","protected":false},"excerpt":{"rendered":"<p>Projection du film \u00ab\u00a0La traque de l&rsquo;affiche rouge\u00a0\u00bb suivi d&rsquo;un d\u00e9bat anim\u00e9 par Jean-Pierre Sakoun. Vendredi 31 Mai 2024, \u00e0 18h45 M\u00e9diath\u00e8que l\u2019\u00c9choAuditorium Loun\u00e8s-Matoub53 avenue de Fontainebleau94270 Le Kremlin-Bic\u00eatre Plus d&rsquo;informations<\/p>\n","protected":false},"author":7,"featured_media":0,"comment_status":"closed","ping_status":"","sticky":false,"template":"","format":"standard","meta":{"footnotes":""},"categories":[20,8,31],"tags":[],"class_list":["post-6956","post","type-post","status-publish","format-standard","hentry","category-actualites-d-unite-laique","category-defaut","category-les-rencontres-dunite-laique"],"_links":{"self":[{"href":"https:\/\/unitelaique.org\/index.php\/wp-json\/wp\/v2\/posts\/6956","targetHints":{"allow":["GET"]}}],"collection":[{"href":"https:\/\/unitelaique.org\/index.php\/wp-json\/wp\/v2\/posts"}],"about":[{"href":"https:\/\/unitelaique.org\/index.php\/wp-json\/wp\/v2\/types\/post"}],"author":[{"embeddable":true,"href":"https:\/\/unitelaique.org\/index.php\/wp-json\/wp\/v2\/users\/7"}],"replies":[{"embeddable":true,"href":"https:\/\/unitelaique.org\/index.php\/wp-json\/wp\/v2\/comments?post=6956"}],"version-history":[{"count":5,"href":"https:\/\/unitelaique.org\/index.php\/wp-json\/wp\/v2\/posts\/6956\/revisions"}],"predecessor-version":[{"id":6967,"href":"https:\/\/unitelaique.org\/index.php\/wp-json\/wp\/v2\/posts\/6956\/revisions\/6967"}],"wp:attachment":[{"href":"https:\/\/unitelaique.org\/index.php\/wp-json\/wp\/v2\/media?parent=6956"}],"wp:term":[{"taxonomy":"category","embeddable":true,"href":"https:\/\/unitelaique.org\/index.php\/wp-json\/wp\/v2\/categories?post=6956"},{"taxonomy":"post_tag","embeddable":true,"href":"https:\/\/unitelaique.org\/index.php\/wp-json\/wp\/v2\/tags?post=6956"}],"curies":[{"name":"wp","href":"https:\/\/api.w.org\/{rel}","templated":true}]}}