{"id":6995,"date":"2024-06-05T11:12:45","date_gmt":"2024-06-05T09:12:45","guid":{"rendered":"https:\/\/unitelaique.org\/?p=6995"},"modified":"2024-06-05T11:13:25","modified_gmt":"2024-06-05T09:13:25","slug":"des-religieux-a-lecole-publique-le-symptome-de-laffaiblissement-de-la-republique","status":"publish","type":"post","link":"https:\/\/unitelaique.org\/index.php\/2024\/06\/05\/des-religieux-a-lecole-publique-le-symptome-de-laffaiblissement-de-la-republique\/","title":{"rendered":"Des religieux \u00e0 l\u2019\u00e9cole publique\u00a0: le sympt\u00f4me de l\u2019affaiblissement de la R\u00e9publique."},"content":{"rendered":"\n<div class=\"wp-block-columns is-layout-flex wp-container-core-columns-is-layout-9d6595d7 wp-block-columns-is-layout-flex\">\n<div class=\"wp-block-column is-layout-flow wp-block-column-is-layout-flow\" style=\"flex-basis:66.66%\">\n<p class=\"has-medium-font-size\"><strong><em>Mezetulle<\/em> remercie Aline Girard de lui confier ce texte o\u00f9, observant l\u2019introduction croissante du discours \u00ab interconvictionnel \u00bb \u00e0 l\u2019\u00e9cole publique \u2013 qui s\u2019effectue au grand jour par la pr\u00e9sence de responsables religieux invit\u00e9s \u00e0 intervenir en tant que tels -, elle lance l\u2019alarme sur les rapports de plus en plus inqui\u00e9tants entre les cultes et l\u2019institution r\u00e9publicaine. Il est grand temps de se r\u00e9veiller !<\/strong><\/p>\n\n\n\n<p>Inviter pr\u00eatres, pasteurs, rabbins, imams \u00e0 l\u2019\u00e9cole publique devient une f\u00e2cheuse habitude. R\u00e9cemment plusieurs \u00e9tablissements scolaires publics ont accueilli dans leurs murs des ministres des cultes, qui se sont empress\u00e9s de faire leur autopromotion, trop heureux de cette aubaine. Ces initiatives concordataires, d\u00e9sormais tr\u00e8s \u00ab tendance \u00bb, sont le sympt\u00f4me de l\u2019affaiblissement de la R\u00e9publique la\u00efque et \u00e9mancipatrice.<\/p>\n<\/div>\n\n\n\n<div class=\"wp-block-column is-layout-flow wp-block-column-is-layout-flow\" style=\"flex-basis:33.33%\">\n<figure class=\"wp-block-image size-large\"><img loading=\"lazy\" decoding=\"async\" width=\"1024\" height=\"852\" src=\"https:\/\/unitelaique.org\/wp-content\/uploads\/2024\/06\/Capture-decran-2024-06-05-a-11.05.04-1024x852.png\" alt=\"\" class=\"wp-image-6996\" srcset=\"https:\/\/unitelaique.org\/wp-content\/uploads\/2024\/06\/Capture-decran-2024-06-05-a-11.05.04-1024x852.png 1024w, https:\/\/unitelaique.org\/wp-content\/uploads\/2024\/06\/Capture-decran-2024-06-05-a-11.05.04-300x250.png 300w, https:\/\/unitelaique.org\/wp-content\/uploads\/2024\/06\/Capture-decran-2024-06-05-a-11.05.04-768x639.png 768w, https:\/\/unitelaique.org\/wp-content\/uploads\/2024\/06\/Capture-decran-2024-06-05-a-11.05.04-24x20.png 24w, https:\/\/unitelaique.org\/wp-content\/uploads\/2024\/06\/Capture-decran-2024-06-05-a-11.05.04-36x30.png 36w, https:\/\/unitelaique.org\/wp-content\/uploads\/2024\/06\/Capture-decran-2024-06-05-a-11.05.04-48x40.png 48w, https:\/\/unitelaique.org\/wp-content\/uploads\/2024\/06\/Capture-decran-2024-06-05-a-11.05.04.png 1032w\" sizes=\"auto, (max-width: 1024px) 100vw, 1024px\" \/><\/figure>\n<\/div>\n<\/div>\n\n\n\n<p><a href=\"https:\/\/www.mezetulle.fr\/des-religieux-a-lecole-publique-le-symptome-de-laffaiblissement-de-la-republique-par-aline-girard\/\" data-type=\"link\" data-id=\"https:\/\/www.mezetulle.fr\/des-religieux-a-lecole-publique-le-symptome-de-laffaiblissement-de-la-republique-par-aline-girard\/\"><strong>Lire l&rsquo;article complet<\/strong><\/a><\/p>\n","protected":false},"excerpt":{"rendered":"<p>Mezetulle remercie Aline Girard de lui confier ce texte o\u00f9, observant l\u2019introduction croissante du discours \u00ab interconvictionnel \u00bb \u00e0 l\u2019\u00e9cole publique \u2013 qui s\u2019effectue au grand jour par la pr\u00e9sence de responsables religieux invit\u00e9s \u00e0 intervenir en tant que tels -, elle lance l\u2019alarme sur les rapports de plus en plus inqui\u00e9tants entre les cultes [&hellip;]<\/p>\n","protected":false},"author":7,"featured_media":0,"comment_status":"closed","ping_status":"","sticky":false,"template":"","format":"standard","meta":{"footnotes":""},"categories":[7],"tags":[],"class_list":["post-6995","post","type-post","status-publish","format-standard","hentry","category-presseetmedias"],"_links":{"self":[{"href":"https:\/\/unitelaique.org\/index.php\/wp-json\/wp\/v2\/posts\/6995","targetHints":{"allow":["GET"]}}],"collection":[{"href":"https:\/\/unitelaique.org\/index.php\/wp-json\/wp\/v2\/posts"}],"about":[{"href":"https:\/\/unitelaique.org\/index.php\/wp-json\/wp\/v2\/types\/post"}],"author":[{"embeddable":true,"href":"https:\/\/unitelaique.org\/index.php\/wp-json\/wp\/v2\/users\/7"}],"replies":[{"embeddable":true,"href":"https:\/\/unitelaique.org\/index.php\/wp-json\/wp\/v2\/comments?post=6995"}],"version-history":[{"count":3,"href":"https:\/\/unitelaique.org\/index.php\/wp-json\/wp\/v2\/posts\/6995\/revisions"}],"predecessor-version":[{"id":6999,"href":"https:\/\/unitelaique.org\/index.php\/wp-json\/wp\/v2\/posts\/6995\/revisions\/6999"}],"wp:attachment":[{"href":"https:\/\/unitelaique.org\/index.php\/wp-json\/wp\/v2\/media?parent=6995"}],"wp:term":[{"taxonomy":"category","embeddable":true,"href":"https:\/\/unitelaique.org\/index.php\/wp-json\/wp\/v2\/categories?post=6995"},{"taxonomy":"post_tag","embeddable":true,"href":"https:\/\/unitelaique.org\/index.php\/wp-json\/wp\/v2\/tags?post=6995"}],"curies":[{"name":"wp","href":"https:\/\/api.w.org\/{rel}","templated":true}]}}