{"id":7124,"date":"2024-07-05T09:51:33","date_gmt":"2024-07-05T07:51:33","guid":{"rendered":"https:\/\/unitelaique.org\/?p=7124"},"modified":"2024-07-05T09:51:33","modified_gmt":"2024-07-05T07:51:33","slug":"le-7-juillet-votez-pour-la-republique-indivisible-laique-democratique-et-sociale","status":"publish","type":"post","link":"https:\/\/unitelaique.org\/index.php\/2024\/07\/05\/le-7-juillet-votez-pour-la-republique-indivisible-laique-democratique-et-sociale\/","title":{"rendered":"Le 7 juillet, votez pour la R\u00e9publique indivisible, la\u00efque, d\u00e9mocratique et sociale."},"content":{"rendered":"\n<p><strong>Unit\u00e9 La\u00efque d\u00e9fend et promeut les principes de libert\u00e9, d\u2019\u00e9galit\u00e9, de fraternit\u00e9 et de la\u00efcit\u00e9 qui animent le projet d\u2019une R\u00e9publique indivisible, la\u00efque, d\u00e9mocratique et sociale. L\u2019universalisme est notre banni\u00e8re.<\/strong><\/p>\n\n\n\n<p>A ce titre les ferments de division et d\u2019exclusion sem\u00e9s sans rel\u00e2che par le Rassemblement national, qui renvoient les individus \u00e0 leur essence qui serait ind\u00e9passable et qui d\u00e9truisent la Nation politique au profit d\u2019une vision ethnique de la soci\u00e9t\u00e9, sont pour nous la pire des r\u00e9ponses aux probl\u00e8mes que conna\u00eet la R\u00e9publique fran\u00e7aise.<\/p>\n\n\n\n<p>C\u2019est pourquoi Unit\u00e9 La\u00efque appelle \u00e0 s\u2019opposer d\u00e9mocratiquement, par le vote, \u00e0 l\u2019arriv\u00e9e au pouvoir de ce parti qui a toujours combattu nos principes, ainsi qu\u2019\u00e0 tous les candidats, quelle que soit leur formation politique, qui fomentent le chaos, flattent les communautarismes et r\u00e9veillent les d\u00e9mons antis\u00e9mites et racistes qui&nbsp;sommeillent.<\/p>\n\n\n\n<p style=\"font-size:22px\"><strong><a href=\"https:\/\/unitelaique.org\/wp-content\/uploads\/2024\/07\/10-0724-le-7-juillet-votez-.pdf\" data-type=\"link\" data-id=\"https:\/\/unitelaique.org\/wp-content\/uploads\/2024\/07\/10-0724-le-7-juillet-votez-.pdf\">T\u00e9l\u00e9charger le communiqu\u00e9 en PDF<\/a><\/strong><\/p>\n","protected":false},"excerpt":{"rendered":"<p>Unit\u00e9 La\u00efque d\u00e9fend et promeut les principes de libert\u00e9, d\u2019\u00e9galit\u00e9, de fraternit\u00e9 et de la\u00efcit\u00e9 qui animent le projet d\u2019une R\u00e9publique indivisible, la\u00efque, d\u00e9mocratique et sociale. L\u2019universalisme est notre banni\u00e8re. A ce titre les ferments de division et d\u2019exclusion sem\u00e9s sans rel\u00e2che par le Rassemblement national, qui renvoient les individus \u00e0 leur essence qui serait [&hellip;]<\/p>\n","protected":false},"author":7,"featured_media":0,"comment_status":"closed","ping_status":"","sticky":false,"template":"","format":"standard","meta":{"footnotes":""},"categories":[4],"tags":[],"class_list":["post-7124","post","type-post","status-publish","format-standard","hentry","category-communiques"],"_links":{"self":[{"href":"https:\/\/unitelaique.org\/index.php\/wp-json\/wp\/v2\/posts\/7124","targetHints":{"allow":["GET"]}}],"collection":[{"href":"https:\/\/unitelaique.org\/index.php\/wp-json\/wp\/v2\/posts"}],"about":[{"href":"https:\/\/unitelaique.org\/index.php\/wp-json\/wp\/v2\/types\/post"}],"author":[{"embeddable":true,"href":"https:\/\/unitelaique.org\/index.php\/wp-json\/wp\/v2\/users\/7"}],"replies":[{"embeddable":true,"href":"https:\/\/unitelaique.org\/index.php\/wp-json\/wp\/v2\/comments?post=7124"}],"version-history":[{"count":1,"href":"https:\/\/unitelaique.org\/index.php\/wp-json\/wp\/v2\/posts\/7124\/revisions"}],"predecessor-version":[{"id":7126,"href":"https:\/\/unitelaique.org\/index.php\/wp-json\/wp\/v2\/posts\/7124\/revisions\/7126"}],"wp:attachment":[{"href":"https:\/\/unitelaique.org\/index.php\/wp-json\/wp\/v2\/media?parent=7124"}],"wp:term":[{"taxonomy":"category","embeddable":true,"href":"https:\/\/unitelaique.org\/index.php\/wp-json\/wp\/v2\/categories?post=7124"},{"taxonomy":"post_tag","embeddable":true,"href":"https:\/\/unitelaique.org\/index.php\/wp-json\/wp\/v2\/tags?post=7124"}],"curies":[{"name":"wp","href":"https:\/\/api.w.org\/{rel}","templated":true}]}}