{"id":7211,"date":"2023-11-22T14:04:00","date_gmt":"2023-11-22T13:04:00","guid":{"rendered":"https:\/\/unitelaique.org\/?p=7211"},"modified":"2024-07-12T15:57:43","modified_gmt":"2024-07-12T13:57:43","slug":"soutien-du-maire-de-saint-remy-de-provence","status":"publish","type":"post","link":"https:\/\/unitelaique.org\/index.php\/2023\/11\/22\/soutien-du-maire-de-saint-remy-de-provence\/","title":{"rendered":"Soutien du maire de Saint-R\u00e9my-de-Provence"},"content":{"rendered":"\n<div class=\"wp-block-columns is-layout-flex wp-container-core-columns-is-layout-9d6595d7 wp-block-columns-is-layout-flex\">\n<div class=\"wp-block-column is-layout-flow wp-block-column-is-layout-flow\" style=\"flex-basis:66.66%\">\n<figure class=\"wp-block-image size-large\"><img loading=\"lazy\" decoding=\"async\" width=\"724\" height=\"1024\" src=\"https:\/\/unitelaique.org\/wp-content\/uploads\/2024\/07\/Reeponse-Maire-de-Saint-Reemy-Samuel-Paty-UL-le-21-11-23-724x1024.png\" alt=\"\" class=\"wp-image-7212\" srcset=\"https:\/\/unitelaique.org\/wp-content\/uploads\/2024\/07\/Reeponse-Maire-de-Saint-Reemy-Samuel-Paty-UL-le-21-11-23-724x1024.png 724w, https:\/\/unitelaique.org\/wp-content\/uploads\/2024\/07\/Reeponse-Maire-de-Saint-Reemy-Samuel-Paty-UL-le-21-11-23-212x300.png 212w, https:\/\/unitelaique.org\/wp-content\/uploads\/2024\/07\/Reeponse-Maire-de-Saint-Reemy-Samuel-Paty-UL-le-21-11-23-768x1086.png 768w, https:\/\/unitelaique.org\/wp-content\/uploads\/2024\/07\/Reeponse-Maire-de-Saint-Reemy-Samuel-Paty-UL-le-21-11-23-1086x1536.png 1086w, https:\/\/unitelaique.org\/wp-content\/uploads\/2024\/07\/Reeponse-Maire-de-Saint-Reemy-Samuel-Paty-UL-le-21-11-23-1448x2048.png 1448w, https:\/\/unitelaique.org\/wp-content\/uploads\/2024\/07\/Reeponse-Maire-de-Saint-Reemy-Samuel-Paty-UL-le-21-11-23-17x24.png 17w, https:\/\/unitelaique.org\/wp-content\/uploads\/2024\/07\/Reeponse-Maire-de-Saint-Reemy-Samuel-Paty-UL-le-21-11-23-25x36.png 25w, https:\/\/unitelaique.org\/wp-content\/uploads\/2024\/07\/Reeponse-Maire-de-Saint-Reemy-Samuel-Paty-UL-le-21-11-23-34x48.png 34w\" sizes=\"auto, (max-width: 724px) 100vw, 724px\" \/><\/figure>\n<\/div>\n\n\n\n<div class=\"wp-block-column is-layout-flow wp-block-column-is-layout-flow\" style=\"flex-basis:33.33%\">\n<p><strong>Nous remercions sinc\u00e8rement<br>M. Herv\u00e9 Cherubini, maire de Saint-R\u00e9my-de-Provence, pr\u00e9sident de la communaut\u00e9 de communes Vall\u00e9e des Baux-Alpilles, de son engagement la\u00efque et r\u00e9publicain.<\/strong><\/p>\n\n\n\n<p><strong>Un magnifique exemple dont nous savons qu\u2019il sera suivi de nombreuses autres d\u00e9cisions.<\/strong><\/p>\n<\/div>\n<\/div>\n","protected":false},"excerpt":{"rendered":"<p>Nous remercions sinc\u00e8rementM. Herv\u00e9 Cherubini, maire de Saint-R\u00e9my-de-Provence, pr\u00e9sident de la communaut\u00e9 de communes Vall\u00e9e des Baux-Alpilles, de son engagement la\u00efque et r\u00e9publicain. Un magnifique exemple dont nous savons qu\u2019il sera suivi de nombreuses autres d\u00e9cisions.<\/p>\n","protected":false},"author":7,"featured_media":0,"comment_status":"closed","ping_status":"closed","sticky":false,"template":"","format":"standard","meta":{"footnotes":""},"categories":[42],"tags":[],"class_list":["post-7211","post","type-post","status-publish","format-standard","hentry","category-lengagement-des-communes"],"_links":{"self":[{"href":"https:\/\/unitelaique.org\/index.php\/wp-json\/wp\/v2\/posts\/7211","targetHints":{"allow":["GET"]}}],"collection":[{"href":"https:\/\/unitelaique.org\/index.php\/wp-json\/wp\/v2\/posts"}],"about":[{"href":"https:\/\/unitelaique.org\/index.php\/wp-json\/wp\/v2\/types\/post"}],"author":[{"embeddable":true,"href":"https:\/\/unitelaique.org\/index.php\/wp-json\/wp\/v2\/users\/7"}],"replies":[{"embeddable":true,"href":"https:\/\/unitelaique.org\/index.php\/wp-json\/wp\/v2\/comments?post=7211"}],"version-history":[{"count":1,"href":"https:\/\/unitelaique.org\/index.php\/wp-json\/wp\/v2\/posts\/7211\/revisions"}],"predecessor-version":[{"id":7213,"href":"https:\/\/unitelaique.org\/index.php\/wp-json\/wp\/v2\/posts\/7211\/revisions\/7213"}],"wp:attachment":[{"href":"https:\/\/unitelaique.org\/index.php\/wp-json\/wp\/v2\/media?parent=7211"}],"wp:term":[{"taxonomy":"category","embeddable":true,"href":"https:\/\/unitelaique.org\/index.php\/wp-json\/wp\/v2\/categories?post=7211"},{"taxonomy":"post_tag","embeddable":true,"href":"https:\/\/unitelaique.org\/index.php\/wp-json\/wp\/v2\/tags?post=7211"}],"curies":[{"name":"wp","href":"https:\/\/api.w.org\/{rel}","templated":true}]}}