{"id":7442,"date":"2024-09-27T17:42:07","date_gmt":"2024-09-27T15:42:07","guid":{"rendered":"https:\/\/unitelaique.org\/?p=7442"},"modified":"2024-10-01T17:45:27","modified_gmt":"2024-10-01T15:45:27","slug":"honorer-samuel-paty-cest-honorer-la-republique-sud-ouest","status":"publish","type":"post","link":"https:\/\/unitelaique.org\/index.php\/2024\/09\/27\/honorer-samuel-paty-cest-honorer-la-republique-sud-ouest\/","title":{"rendered":"\u00ab\u00a0Honorer Samuel Paty, c&rsquo;est honorer la R\u00e9publique\u00a0\u00bb &#8211; Sud-Ouest"},"content":{"rendered":"\n<div class=\"wp-block-columns is-layout-flex wp-container-core-columns-is-layout-9d6595d7 wp-block-columns-is-layout-flex\">\n<div class=\"wp-block-column is-layout-flow wp-block-column-is-layout-flow\">\n<p class=\"has-medium-font-size\"><strong>La place situ\u00e9e devant le lyc\u00e9e Charles-Despiau portera d\u00e9sormais le nom du professeur d&rsquo;histoire assassin\u00e9 le 16 octobre 2020 devant le coll\u00e8ge o\u00f9 il enseignait, dans les Yvelines.<\/strong><\/p>\n\n\n\n<p class=\"has-medium-font-size\"><strong><a href=\"https:\/\/unitelaique.org\/wp-content\/uploads\/2024\/10\/montdemarsan.jpg\" data-type=\"link\" data-id=\"https:\/\/unitelaique.org\/wp-content\/uploads\/2024\/10\/montdemarsan.jpg\">Article complet<\/a><\/strong><\/p>\n<\/div>\n\n\n\n<div class=\"wp-block-column is-layout-flow wp-block-column-is-layout-flow\">\n<figure class=\"wp-block-image size-full\"><img loading=\"lazy\" decoding=\"async\" width=\"796\" height=\"793\" src=\"https:\/\/unitelaique.org\/wp-content\/uploads\/2024\/10\/montdemarsan.jpg\" alt=\"\" class=\"wp-image-7444\" srcset=\"https:\/\/unitelaique.org\/wp-content\/uploads\/2024\/10\/montdemarsan.jpg 796w, https:\/\/unitelaique.org\/wp-content\/uploads\/2024\/10\/montdemarsan-300x300.jpg 300w, https:\/\/unitelaique.org\/wp-content\/uploads\/2024\/10\/montdemarsan-150x150.jpg 150w, https:\/\/unitelaique.org\/wp-content\/uploads\/2024\/10\/montdemarsan-768x765.jpg 768w, https:\/\/unitelaique.org\/wp-content\/uploads\/2024\/10\/montdemarsan-24x24.jpg 24w, https:\/\/unitelaique.org\/wp-content\/uploads\/2024\/10\/montdemarsan-36x36.jpg 36w, https:\/\/unitelaique.org\/wp-content\/uploads\/2024\/10\/montdemarsan-48x48.jpg 48w\" sizes=\"auto, (max-width: 796px) 100vw, 796px\" \/><\/figure>\n<\/div>\n<\/div>\n","protected":false},"excerpt":{"rendered":"<p>La place situ\u00e9e devant le lyc\u00e9e Charles-Despiau portera d\u00e9sormais le nom du professeur d&rsquo;histoire assassin\u00e9 le 16 octobre 2020 devant le coll\u00e8ge o\u00f9 il enseignait, dans les Yvelines. Article complet<\/p>\n","protected":false},"author":7,"featured_media":0,"comment_status":"closed","ping_status":"","sticky":false,"template":"","format":"standard","meta":{"footnotes":""},"categories":[39],"tags":[],"class_list":["post-7442","post","type-post","status-publish","format-standard","hentry","category-presse-medias"],"_links":{"self":[{"href":"https:\/\/unitelaique.org\/index.php\/wp-json\/wp\/v2\/posts\/7442","targetHints":{"allow":["GET"]}}],"collection":[{"href":"https:\/\/unitelaique.org\/index.php\/wp-json\/wp\/v2\/posts"}],"about":[{"href":"https:\/\/unitelaique.org\/index.php\/wp-json\/wp\/v2\/types\/post"}],"author":[{"embeddable":true,"href":"https:\/\/unitelaique.org\/index.php\/wp-json\/wp\/v2\/users\/7"}],"replies":[{"embeddable":true,"href":"https:\/\/unitelaique.org\/index.php\/wp-json\/wp\/v2\/comments?post=7442"}],"version-history":[{"count":2,"href":"https:\/\/unitelaique.org\/index.php\/wp-json\/wp\/v2\/posts\/7442\/revisions"}],"predecessor-version":[{"id":7445,"href":"https:\/\/unitelaique.org\/index.php\/wp-json\/wp\/v2\/posts\/7442\/revisions\/7445"}],"wp:attachment":[{"href":"https:\/\/unitelaique.org\/index.php\/wp-json\/wp\/v2\/media?parent=7442"}],"wp:term":[{"taxonomy":"category","embeddable":true,"href":"https:\/\/unitelaique.org\/index.php\/wp-json\/wp\/v2\/categories?post=7442"},{"taxonomy":"post_tag","embeddable":true,"href":"https:\/\/unitelaique.org\/index.php\/wp-json\/wp\/v2\/tags?post=7442"}],"curies":[{"name":"wp","href":"https:\/\/api.w.org\/{rel}","templated":true}]}}