{"id":7555,"date":"2024-11-04T16:28:52","date_gmt":"2024-11-04T15:28:52","guid":{"rendered":"https:\/\/unitelaique.org\/?p=7555"},"modified":"2024-11-07T13:35:02","modified_gmt":"2024-11-07T12:35:02","slug":"des-experts-de-lonu-sobstinent-a-cibler-la-france-laique","status":"publish","type":"post","link":"https:\/\/unitelaique.org\/index.php\/2024\/11\/04\/des-experts-de-lonu-sobstinent-a-cibler-la-france-laique\/","title":{"rendered":"Des experts de l&rsquo;ONU s&rsquo;obstinent \u00e0 cibler la France la\u00efque"},"content":{"rendered":"\n<p><strong>Le 28 octobre 2024, des experts nomm\u00e9s par le Conseil des droits de l&rsquo;homme de l&rsquo;ONU ont accus\u00e9 la France de ne pas lutter contre les discriminations dont seraient victimes les femmes et filles choisissant de porter le hijab sur les terrains de sport. Ils mettent notamment en cause la d\u00e9cision du Conseil d&rsquo;\u00c9tat d&rsquo;autoriser la F\u00e9d\u00e9ration Fran\u00e7aise de Football d&rsquo;\u00e9dicter des r\u00e8gles prohibant le port d&rsquo;insignes religieux pendant les matchs. Cet avis semblerait, selon eux, \u00ab\u00a0sous-tendre que tout port du hijab dans l\u2019espace public &#8211; expression l\u00e9gitime d\u2019une identit\u00e9 et d\u2019une croyance &#8211; est assimilable \u00e0 une atteinte \u00e0 l\u2019ordre public\u00a0\u00bb. \u00ab\u00a0Toute limitation \u00e0 ces libert\u00e9s doit \u00eatre proportionn\u00e9e, n\u00e9cessaire pour atteindre l\u2019un des objectifs \u00e9nonc\u00e9s en droit international (s\u00e9curit\u00e9, ordre et sant\u00e9 publique, droits d\u2019autrui), et justifi\u00e9e par des faits qui peuvent \u00eatre d\u00e9montr\u00e9s, et non par des pr\u00e9somptions, des hypoth\u00e8ses ou des pr\u00e9jug\u00e9s \u00bb. Fermez le ban.<\/strong><\/p>\n\n\n\n<p>Les experts signataires de cette d\u00e9claration dont la liste est disponible sur le site de l&rsquo;une de ces tr\u00e8s nombreuses agences que l&rsquo;ONU finance et promeut avec z\u00e8le, se font les porte-paroles d&rsquo;ONG et associations dont l&rsquo;obsession semble \u00eatre la la\u00efcit\u00e9 et l&rsquo;universalisme porteurs d&rsquo;\u00e9mancipation.<\/p>\n\n\n\n<!--more-->\n\n\n\n<p>Non, l&rsquo;interdiction de porter des signes religieux ostensibles sur les terrains de sport fran\u00e7ais, n&rsquo;est pas une atteinte \u00e0 la libert\u00e9 d&rsquo;expression ni \u00e0 la libert\u00e9 de manifester une \u00ab&nbsp;identit\u00e9&nbsp;\u00bb que les \u00ab&nbsp;experts&nbsp;\u00bb onusiens seraient bien en peine de pr\u00e9ciser. Ce n&rsquo;est pas non plus un frein emp\u00eachant les femmes de \u00ab&nbsp;prendre part \u00e0 tous les aspects de la soci\u00e9t\u00e9 fran\u00e7aise dont elles font partie \u00bb.&nbsp; C&rsquo;est tout le contraire. C&rsquo;est l&rsquo;occasion pour elles de s&rsquo;ins\u00e9rer sans affichage communautaire dans des \u00e9quipes mues par l&rsquo;objectif de partager le go\u00fbt du jeu et de la victoire sous les seules couleurs d&rsquo;un club ou d&rsquo;une s\u00e9lection nationale.<\/p>\n\n\n\n<p>D&rsquo;autres pays, qui honnissent la la\u00efcit\u00e9 dont s&rsquo;honore la France et qui n&rsquo;ont de cesse de solliciter la complicit\u00e9 d&rsquo;instances internationales et d&rsquo;associations pour mener cette gu\u00e9rilla, n&rsquo;ont pas envers leurs propres ressortissantes les m\u00eames attentions en mati\u00e8re d&rsquo;\u00e9galit\u00e9 et de libert\u00e9 d&rsquo;expression. On pourrait par exemple citer le sort r\u00e9serv\u00e9 aux femmes afghanes ou aux Iraniennes.<\/p>\n\n\n\n<p>\u00c0 cet \u00e9gard, en mettant en sc\u00e8ne le geste lib\u00e9rateur d&rsquo;une judokate arrachant sur le dojo son aust\u00e8re hijab pour enfin respirer librement et combattre son adversaire qui personnifie la soci\u00e9t\u00e9 patriarcale et totalitaire du r\u00e9gime des mollahs, Zar Amir Ebrahimi, la r\u00e9alisatrice du magnifique film iranien \u00ab&nbsp;Tatami&nbsp;\u00bb propose une r\u00e9plique cinglante aux palinodies auxquelles nous ont d\u00e9sormais habitu\u00e9s l&rsquo;ONU et ses \u00ab&nbsp;experts&nbsp;\u00bb.&nbsp;<\/p>\n\n\n\n<p><strong><a href=\"https:\/\/unitelaique.org\/wp-content\/uploads\/2024\/11\/20241104-Communique-ONU.pdf\" data-type=\"link\" data-id=\"https:\/\/unitelaique.org\/wp-content\/uploads\/2024\/11\/20241104-Communique-ONU.pdf\">T\u00e9l\u00e9charger le communiqu\u00e9 en PDF<\/a><\/strong><\/p>\n","protected":false},"excerpt":{"rendered":"<p>Le 28 octobre 2024, des experts nomm\u00e9s par le Conseil des droits de l&rsquo;homme de l&rsquo;ONU ont accus\u00e9 la France de ne pas lutter contre les discriminations dont seraient victimes les femmes et filles choisissant de porter le hijab sur les terrains de sport. Ils mettent notamment en cause la d\u00e9cision du Conseil d&rsquo;\u00c9tat d&rsquo;autoriser [&hellip;]<\/p>\n","protected":false},"author":7,"featured_media":0,"comment_status":"closed","ping_status":"","sticky":false,"template":"","format":"standard","meta":{"footnotes":""},"categories":[4,28],"tags":[],"class_list":["post-7555","post","type-post","status-publish","format-standard","hentry","category-communiques","category-egalitefemmeshommes"],"_links":{"self":[{"href":"https:\/\/unitelaique.org\/index.php\/wp-json\/wp\/v2\/posts\/7555","targetHints":{"allow":["GET"]}}],"collection":[{"href":"https:\/\/unitelaique.org\/index.php\/wp-json\/wp\/v2\/posts"}],"about":[{"href":"https:\/\/unitelaique.org\/index.php\/wp-json\/wp\/v2\/types\/post"}],"author":[{"embeddable":true,"href":"https:\/\/unitelaique.org\/index.php\/wp-json\/wp\/v2\/users\/7"}],"replies":[{"embeddable":true,"href":"https:\/\/unitelaique.org\/index.php\/wp-json\/wp\/v2\/comments?post=7555"}],"version-history":[{"count":1,"href":"https:\/\/unitelaique.org\/index.php\/wp-json\/wp\/v2\/posts\/7555\/revisions"}],"predecessor-version":[{"id":7557,"href":"https:\/\/unitelaique.org\/index.php\/wp-json\/wp\/v2\/posts\/7555\/revisions\/7557"}],"wp:attachment":[{"href":"https:\/\/unitelaique.org\/index.php\/wp-json\/wp\/v2\/media?parent=7555"}],"wp:term":[{"taxonomy":"category","embeddable":true,"href":"https:\/\/unitelaique.org\/index.php\/wp-json\/wp\/v2\/categories?post=7555"},{"taxonomy":"post_tag","embeddable":true,"href":"https:\/\/unitelaique.org\/index.php\/wp-json\/wp\/v2\/tags?post=7555"}],"curies":[{"name":"wp","href":"https:\/\/api.w.org\/{rel}","templated":true}]}}