{"id":7609,"date":"2024-11-13T11:22:24","date_gmt":"2024-11-13T10:22:24","guid":{"rendered":"https:\/\/unitelaique.org\/?p=7609"},"modified":"2024-11-13T19:39:20","modified_gmt":"2024-11-13T18:39:20","slug":"ni-oubli-ni-pardon","status":"publish","type":"post","link":"https:\/\/unitelaique.org\/index.php\/2024\/11\/13\/ni-oubli-ni-pardon\/","title":{"rendered":"Ni oubli, ni pardon."},"content":{"rendered":"\n<p><strong>Le 13 novembre 2015, les islamistes, qui au nom de leur religion ha\u00efssent toutes les formes de libert\u00e9 et de fraternit\u00e9, franchissaient une \u00e9tape de plus dans leur sanglante d\u00e9testation des \u00eatres humains.<\/strong><br><br>Ils faisaient au Bataclan, propri\u00e9t\u00e9 \u00ab\u00a0juive\u00a0\u00bb, sur les terrasses des caf\u00e9s de Paris et au Stade de France 133 morts et plus de 400 bless\u00e9s.<br><br>Deux jours plus tard, les collabos de l\u2019islamisme commettaient moralement l\u2019irr\u00e9parable \u00e0 leur tour en signant la tribune de la honte dans Lib\u00e9ration, m\u00ealant les noms des islamistes les plus m\u00e9prisables \u00e0 ceux de la\u00efques \u00e9gar\u00e9s.<br><br>Depuis rien n\u2019a chang\u00e9. Ni la haine islamiste, ni l\u2019abaissement collaborationniste des idiots utiles, ni l\u2019obsession antis\u00e9mite.<br><br>Si, une chose a chang\u00e9, fondamentale. Nous nous sommes r\u00e9veill\u00e9s.\u00a0<br><br>Nous menons une guerre \u00e0 la b\u00eatise humaine, au fanatisme, \u00e0 la veulerie et \u00e0 la l\u00e2chet\u00e9. Nous avons les moyens de la gagner.<br><br>Rejoignez-nous.<br><br>Ni oubli, ni pardon.\u00a0<br><br><\/p>\n\n\n\n<p><strong><a href=\"https:\/\/unitelaique.org\/wp-content\/uploads\/2024\/11\/CP-131124-1.pdf\" data-type=\"link\" data-id=\"https:\/\/unitelaique.org\/wp-content\/uploads\/2024\/11\/CP-131124-1.pdf\">T\u00e9l\u00e9charger le communiqu\u00e9 en PDF<\/a><\/strong><\/p>\n","protected":false},"excerpt":{"rendered":"<p>Le 13 novembre 2015, les islamistes, qui au nom de leur religion ha\u00efssent toutes les formes de libert\u00e9 et de fraternit\u00e9, franchissaient une \u00e9tape de plus dans leur sanglante d\u00e9testation des \u00eatres humains. Ils faisaient au Bataclan, propri\u00e9t\u00e9 \u00ab\u00a0juive\u00a0\u00bb, sur les terrasses des caf\u00e9s de Paris et au Stade de France 133 morts et plus [&hellip;]<\/p>\n","protected":false},"author":7,"featured_media":0,"comment_status":"closed","ping_status":"","sticky":false,"template":"","format":"standard","meta":{"footnotes":""},"categories":[4],"tags":[],"class_list":["post-7609","post","type-post","status-publish","format-standard","hentry","category-communiques"],"_links":{"self":[{"href":"https:\/\/unitelaique.org\/index.php\/wp-json\/wp\/v2\/posts\/7609","targetHints":{"allow":["GET"]}}],"collection":[{"href":"https:\/\/unitelaique.org\/index.php\/wp-json\/wp\/v2\/posts"}],"about":[{"href":"https:\/\/unitelaique.org\/index.php\/wp-json\/wp\/v2\/types\/post"}],"author":[{"embeddable":true,"href":"https:\/\/unitelaique.org\/index.php\/wp-json\/wp\/v2\/users\/7"}],"replies":[{"embeddable":true,"href":"https:\/\/unitelaique.org\/index.php\/wp-json\/wp\/v2\/comments?post=7609"}],"version-history":[{"count":4,"href":"https:\/\/unitelaique.org\/index.php\/wp-json\/wp\/v2\/posts\/7609\/revisions"}],"predecessor-version":[{"id":7623,"href":"https:\/\/unitelaique.org\/index.php\/wp-json\/wp\/v2\/posts\/7609\/revisions\/7623"}],"wp:attachment":[{"href":"https:\/\/unitelaique.org\/index.php\/wp-json\/wp\/v2\/media?parent=7609"}],"wp:term":[{"taxonomy":"category","embeddable":true,"href":"https:\/\/unitelaique.org\/index.php\/wp-json\/wp\/v2\/categories?post=7609"},{"taxonomy":"post_tag","embeddable":true,"href":"https:\/\/unitelaique.org\/index.php\/wp-json\/wp\/v2\/tags?post=7609"}],"curies":[{"name":"wp","href":"https:\/\/api.w.org\/{rel}","templated":true}]}}