{"id":7665,"date":"2024-11-21T18:11:40","date_gmt":"2024-11-21T17:11:40","guid":{"rendered":"https:\/\/unitelaique.org\/?p=7665"},"modified":"2024-11-21T18:11:40","modified_gmt":"2024-11-21T17:11:40","slug":"boualem-sansal-doit-etre-immediatement-libere","status":"publish","type":"post","link":"https:\/\/unitelaique.org\/index.php\/2024\/11\/21\/boualem-sansal-doit-etre-immediatement-libere\/","title":{"rendered":"Boualem Sansal doit \u00eatre imm\u00e9diatement lib\u00e9r\u00e9"},"content":{"rendered":"\n<p>\u00ab\u00a0<strong>Cher ami,<br>Ta lettre est un monument qui a d\u00e9clench\u00e9 en moi un torrent d&rsquo;\u00e9motions.<br>Je ne te dis pas merci, ton geste est au-del\u00e0 de \u00e7a. Si nous \u00e9tions ensemble je t&rsquo;aurais serr\u00e9 contre moi, en silence, puis on serait all\u00e9s prendre un pot, en parlant de choses et d&rsquo;autres, de la France et de ses merveilles, de sa culture et de sa langue qui nous donnent chaque jour notre pain quotidien, notre lait et notre miel.<br>Je t&#8217;embrasse cher ami et te dis \u00e0 bient\u00f4t. Nous f\u00eaterons fraternellement et en compatriotes mon d\u00e9cret de naturalisation.<br>Boualem \u00bb<br>Extrait du message re\u00e7u de Boualem Sansal le 3 ao\u00fbt 2022 \u00e0 la suite de notre soutien \u00e0 sa demande de naturalisation<\/strong><\/p>\n\n\n\n<p>L\u2019association Unit\u00e9 La\u00efque apprend avec stup\u00e9faction, ce jeudi 21 novembre 2024, que Boualem Sansal, \u00e9crivain d\u2019origine alg\u00e9rienne, naturalis\u00e9 fran\u00e7ais depuis peu, de retour en Alg\u00e9rie o\u00f9 il continue \u00e0 s\u00e9journer r\u00e9guli\u00e8rement, a \u00e9t\u00e9 arr\u00eat\u00e9 par la police alg\u00e9rienne.<\/p>\n\n\n\n<p>Nous ne connaissons pas les motifs de cette arrestation qui ne sont de toutes fa\u00e7ons que des pr\u00e9textes destin\u00e9s \u00e0 s\u2019attaquer \u00e0 un homme sans peur et sans reproche, qui, dans toutes ses d\u00e9clarations et dans tous ses \u00e9crits, est un h\u00e9raut de la libert\u00e9, de l\u2019\u00e9galit\u00e9, de la fraternit\u00e9 et de la la\u00efcit\u00e9 et pourfend tant l\u2019obscurantisme islamiste que l\u2019absence de d\u00e9mocratie qui mine l\u2019Alg\u00e9rie.<\/p>\n\n\n\n<p>L\u2019association Unit\u00e9 La\u00efque est particuli\u00e8rement sensible \u00e0 la situation de Boualem Sansal, l\u2019un de ses amis tr\u00e8s proches. Nous avons \u0153uvr\u00e9, \u00e0 sa demande, \u00e0 l\u2019aider \u00e0 obtenir la nationalit\u00e9 fran\u00e7aise.<\/p>\n\n\n\n<p>Unit\u00e9 La\u00efque s\u2019\u00e9l\u00e8ve avec vigueur contre cette arrestation arbitraire, r\u00e9clame la lib\u00e9ration imm\u00e9diate de Boualem Sansal et d\u00e9fend sa libert\u00e9 de voyager entre l\u2019Alg\u00e9rie son pays natal et la France, son pays d\u2019adoption, comme des million d\u2019autres fran\u00e7ais. &nbsp;Nous pressons le gouvernement fran\u00e7ais d\u2019agir au plus vite avec fermet\u00e9 pour faire lib\u00e9rer notre illustre compatriote.<\/p>\n\n\n\n<p>Soutien total \u00e0 cet homme de bien, \u00e0 cet homme des Lumi\u00e8res, face \u00e0 l\u2019obscurantisme autoritaire qui jette une ombre de plus en plus mena\u00e7ante sur l\u2019Alg\u00e9rie.<\/p>\n\n\n\n<p><strong><a href=\"https:\/\/unitelaique.org\/wp-content\/uploads\/2024\/11\/20241121-Boualem-Sansal.docx.pdf\" data-type=\"link\" data-id=\"https:\/\/unitelaique.org\/wp-content\/uploads\/2024\/11\/20241121-Boualem-Sansal.docx.pdf\">T\u00e9l\u00e9charger le communiqu\u00e9 en PDF<\/a><\/strong><\/p>\n","protected":false},"excerpt":{"rendered":"<p>\u00ab\u00a0Cher ami,Ta lettre est un monument qui a d\u00e9clench\u00e9 en moi un torrent d&rsquo;\u00e9motions.Je ne te dis pas merci, ton geste est au-del\u00e0 de \u00e7a. Si nous \u00e9tions ensemble je t&rsquo;aurais serr\u00e9 contre moi, en silence, puis on serait all\u00e9s prendre un pot, en parlant de choses et d&rsquo;autres, de la France et de ses [&hellip;]<\/p>\n","protected":false},"author":7,"featured_media":0,"comment_status":"closed","ping_status":"","sticky":false,"template":"","format":"standard","meta":{"footnotes":""},"categories":[4],"tags":[],"class_list":["post-7665","post","type-post","status-publish","format-standard","hentry","category-communiques"],"_links":{"self":[{"href":"https:\/\/unitelaique.org\/index.php\/wp-json\/wp\/v2\/posts\/7665","targetHints":{"allow":["GET"]}}],"collection":[{"href":"https:\/\/unitelaique.org\/index.php\/wp-json\/wp\/v2\/posts"}],"about":[{"href":"https:\/\/unitelaique.org\/index.php\/wp-json\/wp\/v2\/types\/post"}],"author":[{"embeddable":true,"href":"https:\/\/unitelaique.org\/index.php\/wp-json\/wp\/v2\/users\/7"}],"replies":[{"embeddable":true,"href":"https:\/\/unitelaique.org\/index.php\/wp-json\/wp\/v2\/comments?post=7665"}],"version-history":[{"count":1,"href":"https:\/\/unitelaique.org\/index.php\/wp-json\/wp\/v2\/posts\/7665\/revisions"}],"predecessor-version":[{"id":7667,"href":"https:\/\/unitelaique.org\/index.php\/wp-json\/wp\/v2\/posts\/7665\/revisions\/7667"}],"wp:attachment":[{"href":"https:\/\/unitelaique.org\/index.php\/wp-json\/wp\/v2\/media?parent=7665"}],"wp:term":[{"taxonomy":"category","embeddable":true,"href":"https:\/\/unitelaique.org\/index.php\/wp-json\/wp\/v2\/categories?post=7665"},{"taxonomy":"post_tag","embeddable":true,"href":"https:\/\/unitelaique.org\/index.php\/wp-json\/wp\/v2\/tags?post=7665"}],"curies":[{"name":"wp","href":"https:\/\/api.w.org\/{rel}","templated":true}]}}