{"id":7693,"date":"2024-11-26T10:37:46","date_gmt":"2024-11-26T09:37:46","guid":{"rendered":"https:\/\/unitelaique.org\/?p=7693"},"modified":"2024-11-26T10:39:27","modified_gmt":"2024-11-26T09:39:27","slug":"vibrer-au-souvenir-de-marc-bloch-lire-son-nom-avec-emotion","status":"publish","type":"post","link":"https:\/\/unitelaique.org\/index.php\/2024\/11\/26\/vibrer-au-souvenir-de-marc-bloch-lire-son-nom-avec-emotion\/","title":{"rendered":"Vibrer au souvenir de Marc Bloch, lire son nom avec \u00e9motion"},"content":{"rendered":"\n<p><strong><em>\u00ab\u00a0Je suis juif, sinon par la religion, que je ne pratique point, non plus que nulle autre, du moins par la naissance. [\u2026] Je ne revendique jamais mon origine que dans un cas\u00a0: en face d\u2019un antis\u00e9mite\u00a0\u00bb <\/em>(L&rsquo;\u00e9trange d\u00e9faite, 1940).<\/strong><\/p>\n\n\n\n<p>La d\u00e9cision d&rsquo;Emmanuel Macron de faire entrer l&rsquo;historien et r\u00e9sistant Marc Bloch au Panth\u00e9on a \u00e9t\u00e9 annonc\u00e9e \u00e0 Strasbourg le samedi 23 novembre 2024, \u00e0 l&rsquo;occasion de la comm\u00e9moration des 80 ans de la Lib\u00e9ration de la ville. Cette annonce a \u00e9t\u00e9 faite dans le cadre prestigieux du Palais Universitaire, construit par les Allemands et inaugur\u00e9 avec faste par l&#8217;empereur Guillaume 1<sup>er<\/sup> de Prusse en 1884. Ironie de l&rsquo;histoire, la famille de Marc Bloch, originaire de Fegersheim dans le Bas-Rhin,&nbsp; avait fait le choix courageux, apr\u00e8s la d\u00e9faite de 1870, de rester fid\u00e8le \u00e0 la France des Lumi\u00e8res et de l&rsquo;universalisme en quittant l&rsquo;Alsace devenue allemande.<\/p>\n\n\n\n<!--more-->\n\n\n\n<p>Ce n&rsquo;est qu&rsquo;en 1927 que Marc Bloch, pourra renouer avec ce pan de son histoire familiale, en obtenant un poste de professeur d&rsquo;histoire du Moyen-\u00c2ge \u00e0 la facult\u00e9 de Strasbourg redevenue entre-temps fran\u00e7aise. Lors de l&rsquo;offensive allemande de mai 1940, il s&rsquo;engage dans l&rsquo;arm\u00e9e fran\u00e7aise jusqu&rsquo;\u00e0 l&rsquo;armistice du 22 juin. C&rsquo;est pendant l&rsquo;\u00e9t\u00e9 1940, qu&rsquo;il r\u00e9dige son livre de t\u00e9moignage, publi\u00e9 apr\u00e8s sa mort sous le titre de <em>L&rsquo;\u00e9trange d\u00e9faite<\/em> et qui analyse les errements de la Troisi\u00e8me R\u00e9publique et les germes de la d\u00e9b\u00e2cle.<\/p>\n\n\n\n<p>En octobre 1940, il est exclu de la fonction publique, parce que juif, par le gouvernement de Vichy. C&rsquo;est par un d\u00e9cret exceptionnel qu&rsquo;il pourra n\u00e9anmoins enseigner en 1941 \u00e0 la facult\u00e9 de Strasbourg r\u00e9fugi\u00e9e \u00e0 Clermont Ferrand, en zone libre.<\/p>\n\n\n\n<p>En 1943 apr\u00e8s l&rsquo;invasion de la zone Sud, Marc Bloch, alors \u00e2g\u00e9 de 57 ans, s&rsquo;engage dans la R\u00e9sistance dont il devient l&rsquo;un des chefs pour la r\u00e9gion lyonnaise. Il est arr\u00eat\u00e9 par la Gestapo en 1944, intern\u00e9 \u00e0 la prison de Montluc et tortur\u00e9 comme le fut Jean Moulin. Il mourra fusill\u00e9 aux c\u00f4t\u00e9s d&rsquo;autres r\u00e9sistants, fid\u00e8le \u00e0 ses id\u00e9aux.&nbsp;<\/p>\n\n\n\n<p>Unit\u00e9 La\u00efque, qui a tant \u0153uvr\u00e9 pour l\u2019entr\u00e9e au Panth\u00e9on de Missak Manouchian et de ses compagnons r\u00e9sistants FTP-MOI, salue avec respect cette d\u00e9cision qui honore les combats d&rsquo;un grand historien, d&rsquo;un homme libre, d&rsquo;un humaniste. En ces temps troubl\u00e9s, o\u00f9 les rep\u00e8res se dissolvent, o\u00f9 les v\u00e9rit\u00e9s scientifiques sont contest\u00e9es au nom d&rsquo;un relativisme affligeant, o\u00f9 les concurrences m\u00e9morielles conduisent \u00e0 des affrontements st\u00e9riles et d\u00e9vastateurs, o\u00f9 l&rsquo;obscurantisme religieux et le complotisme se r\u00e9pandent, o\u00f9 l\u2019antis\u00e9mitisme se d\u00e9cha\u00eene, la figure de Marc Bloch nous rappelle que la connaissance, la transmission des savoirs, le courage et la r\u00e9sistance aux vents mauvais de la haine de l&rsquo;Autre, sont le ciment de nos soci\u00e9t\u00e9s d\u00e9mocratiques.<\/p>\n\n\n\n<p>Zone de Texte: Unit\u00e9 La\u00efque est une association qui a pour objet la d\u00e9fense, la promotion et le d\u00e9veloppement de la la\u00efcit\u00e9 et des principes r\u00e9publicains en France, dans l\u2019Union europ\u00e9enne et dans les instances internationales et supranationales.<br>Elle attache une importance particuli\u00e8re au maintien et au respect de la la\u00efcit\u00e9 dans les institutions de l\u2019\u00c9tat et dans les collectivit\u00e9s territoriales. Elle \u0153uvre \u00e0 l\u2019unit\u00e9 des la\u00efques.<\/p>\n\n\n\n<p><img decoding=\"async\" src=\"\" alt=\"\" style=\"\">A un grand homme de la R\u00e9publique qui, en des temps maudits,\u00a0 fit le choix d&rsquo;\u00eatre fran\u00e7ais, la\u00efque et universaliste,\u00a0 la patrie reconnaissante.<\/p>\n\n\n\n<p><strong><a href=\"https:\/\/unitelaique.org\/wp-content\/uploads\/2024\/11\/20241125-Entree-au-Pantheon-Marc-Bloch-VF.jpg\" data-type=\"link\" data-id=\"https:\/\/unitelaique.org\/wp-content\/uploads\/2024\/11\/20241125-Entree-au-Pantheon-Marc-Bloch-VF.jpg\">T\u00e9l\u00e9charger le communiqu\u00e9 en PDF<\/a><\/strong><\/p>\n","protected":false},"excerpt":{"rendered":"<p>\u00ab\u00a0Je suis juif, sinon par la religion, que je ne pratique point, non plus que nulle autre, du moins par la naissance. [\u2026] Je ne revendique jamais mon origine que dans un cas\u00a0: en face d\u2019un antis\u00e9mite\u00a0\u00bb (L&rsquo;\u00e9trange d\u00e9faite, 1940). La d\u00e9cision d&rsquo;Emmanuel Macron de faire entrer l&rsquo;historien et r\u00e9sistant Marc Bloch au Panth\u00e9on a [&hellip;]<\/p>\n","protected":false},"author":7,"featured_media":0,"comment_status":"closed","ping_status":"","sticky":false,"template":"","format":"standard","meta":{"footnotes":""},"categories":[4],"tags":[],"class_list":["post-7693","post","type-post","status-publish","format-standard","hentry","category-communiques"],"_links":{"self":[{"href":"https:\/\/unitelaique.org\/index.php\/wp-json\/wp\/v2\/posts\/7693","targetHints":{"allow":["GET"]}}],"collection":[{"href":"https:\/\/unitelaique.org\/index.php\/wp-json\/wp\/v2\/posts"}],"about":[{"href":"https:\/\/unitelaique.org\/index.php\/wp-json\/wp\/v2\/types\/post"}],"author":[{"embeddable":true,"href":"https:\/\/unitelaique.org\/index.php\/wp-json\/wp\/v2\/users\/7"}],"replies":[{"embeddable":true,"href":"https:\/\/unitelaique.org\/index.php\/wp-json\/wp\/v2\/comments?post=7693"}],"version-history":[{"count":4,"href":"https:\/\/unitelaique.org\/index.php\/wp-json\/wp\/v2\/posts\/7693\/revisions"}],"predecessor-version":[{"id":7698,"href":"https:\/\/unitelaique.org\/index.php\/wp-json\/wp\/v2\/posts\/7693\/revisions\/7698"}],"wp:attachment":[{"href":"https:\/\/unitelaique.org\/index.php\/wp-json\/wp\/v2\/media?parent=7693"}],"wp:term":[{"taxonomy":"category","embeddable":true,"href":"https:\/\/unitelaique.org\/index.php\/wp-json\/wp\/v2\/categories?post=7693"},{"taxonomy":"post_tag","embeddable":true,"href":"https:\/\/unitelaique.org\/index.php\/wp-json\/wp\/v2\/tags?post=7693"}],"curies":[{"name":"wp","href":"https:\/\/api.w.org\/{rel}","templated":true}]}}