{"id":8274,"date":"2025-04-17T15:45:25","date_gmt":"2025-04-17T13:45:25","guid":{"rendered":"https:\/\/unitelaique.org\/?p=8274"},"modified":"2025-04-18T10:54:47","modified_gmt":"2025-04-18T08:54:47","slug":"6-mai-2025-soiree-unite-laique","status":"publish","type":"post","link":"https:\/\/unitelaique.org\/index.php\/2025\/04\/17\/6-mai-2025-soiree-unite-laique\/","title":{"rendered":"6 mai 2025 &#8211; Soir\u00e9e Unit\u00e9 La\u00efque"},"content":{"rendered":"\n<div class=\"wp-block-columns is-layout-flex wp-container-core-columns-is-layout-9d6595d7 wp-block-columns-is-layout-flex\">\n<div class=\"wp-block-column is-layout-flow wp-block-column-is-layout-flow\">\n<figure class=\"wp-block-image size-full\"><img loading=\"lazy\" decoding=\"async\" width=\"650\" height=\"920\" src=\"https:\/\/unitelaique.org\/wp-content\/uploads\/2025\/04\/soiree-unite-laique-6mai25.jpg\" alt=\"\" class=\"wp-image-8275\" srcset=\"https:\/\/unitelaique.org\/wp-content\/uploads\/2025\/04\/soiree-unite-laique-6mai25.jpg 650w, https:\/\/unitelaique.org\/wp-content\/uploads\/2025\/04\/soiree-unite-laique-6mai25-212x300.jpg 212w, https:\/\/unitelaique.org\/wp-content\/uploads\/2025\/04\/soiree-unite-laique-6mai25-17x24.jpg 17w, https:\/\/unitelaique.org\/wp-content\/uploads\/2025\/04\/soiree-unite-laique-6mai25-25x36.jpg 25w, https:\/\/unitelaique.org\/wp-content\/uploads\/2025\/04\/soiree-unite-laique-6mai25-34x48.jpg 34w\" sizes=\"auto, (max-width: 650px) 100vw, 650px\" \/><\/figure>\n<\/div>\n\n\n\n<div class=\"wp-block-column is-layout-flow wp-block-column-is-layout-flow\">\n<p class=\"has-medium-font-size\"><strong>Bloquez votre soir\u00e9e du mardi 6 mai 2025 et venez rendre hommage aux Manouchian et \u00e0 Charlie avec un programme valentinois in\u00e9dit, propos\u00e9 par Unit\u00e9 La\u00efque et ses partenaires.<\/strong><\/p>\n\n\n\n<p style=\"font-size:15px\"><strong>\u00ab\u00a0LASS DISPARA\u00ceT\u00a0\u00bb<\/strong><br>Rencontre artistique et sonore autour de Louise Aslanian<br>18h30  I  Le CPA, 14 rue Louis Gallet, Valence<br>Entr\u00e9e gratuite, sur r\u00e9servation : <em>reservation@le-cpa.com<\/em><br><a href=\"https:\/\/www.le-cpa.com\/agenda\/2025\/lass-disparait\" data-type=\"link\" data-id=\"https:\/\/www.le-cpa.com\/agenda\/2025\/lass-disparait\">Plus d&rsquo;infos<\/a><\/p>\n\n\n\n<p style=\"font-size:15px\"><strong>\u00ab\u00a0DIEU PEUT SE D\u00c9FENDRE TOUT SEUL\u00a0\u00bb<\/strong><br>Projection film documentaire d&rsquo;Isabelle Cottenceau<br>20h  I  Lux Sc\u00e8ne Nationale, Valence<br>Achat de billet obligatoire* : <em><a href=\"https:\/\/lux-valence.com\/evenement\/dieu-peut-se-defendre-tout-seul-2\/\" data-type=\"link\" data-id=\"https:\/\/lux-valence.com\/evenement\/dieu-peut-se-defendre-tout-seul-2\/\">www.lux-valence.com<\/a><\/em><\/p>\n\n\n\n<p style=\"font-size:15px\"><strong>D\u00c9BAT AVEC MARIKA BRET, EX DRH CHARLIE HEBDO<\/strong><br>A la suite de la projection \u00ab\u00a0Dieu peut se d\u00e9fendre tout seul\u00a0\u00bb<br>Lux Sc\u00e8ne Nationale, Valence<br>Inscription obligatoire* : <em><a href=\"https:\/\/lux-valence.com\/evenement\/dieu-peut-se-defendre-tout-seul-2\/\" data-type=\"link\" data-id=\"https:\/\/lux-valence.com\/evenement\/dieu-peut-se-defendre-tout-seul-2\/\">www.lux-valence.com<\/a><\/em><\/p>\n\n\n\n<p><em>* Achat des billets d\u2019entr\u00e9e en ligne uniquement pour la s\u00e9ance de<\/em> <em>cin\u00e9ma. Pas de vente sur place le jour de la projection.<\/em><br><em>Inscription au d\u00e9bat avec Marika Bret li\u00e9e \u00e0 l\u2019achat de la place de cin\u00e9ma.<\/em><\/p>\n<\/div>\n<\/div>\n","protected":false},"excerpt":{"rendered":"<p>Bloquez votre soir\u00e9e du mardi 6 mai 2025 et venez rendre hommage aux Manouchian et \u00e0 Charlie avec un programme valentinois in\u00e9dit, propos\u00e9 par Unit\u00e9 La\u00efque et ses partenaires. \u00ab\u00a0LASS DISPARA\u00ceT\u00a0\u00bbRencontre artistique et sonore autour de Louise Aslanian18h30 I Le CPA, 14 rue Louis Gallet, ValenceEntr\u00e9e gratuite, sur r\u00e9servation : reservation@le-cpa.comPlus d&rsquo;infos \u00ab\u00a0DIEU PEUT SE [&hellip;]<\/p>\n","protected":false},"author":7,"featured_media":0,"comment_status":"closed","ping_status":"","sticky":false,"template":"","format":"standard","meta":{"footnotes":""},"categories":[20,6,31],"tags":[],"class_list":["post-8274","post","type-post","status-publish","format-standard","hentry","category-actualites-d-unite-laique","category-actualitelaicite","category-les-rencontres-dunite-laique"],"_links":{"self":[{"href":"https:\/\/unitelaique.org\/index.php\/wp-json\/wp\/v2\/posts\/8274","targetHints":{"allow":["GET"]}}],"collection":[{"href":"https:\/\/unitelaique.org\/index.php\/wp-json\/wp\/v2\/posts"}],"about":[{"href":"https:\/\/unitelaique.org\/index.php\/wp-json\/wp\/v2\/types\/post"}],"author":[{"embeddable":true,"href":"https:\/\/unitelaique.org\/index.php\/wp-json\/wp\/v2\/users\/7"}],"replies":[{"embeddable":true,"href":"https:\/\/unitelaique.org\/index.php\/wp-json\/wp\/v2\/comments?post=8274"}],"version-history":[{"count":5,"href":"https:\/\/unitelaique.org\/index.php\/wp-json\/wp\/v2\/posts\/8274\/revisions"}],"predecessor-version":[{"id":8296,"href":"https:\/\/unitelaique.org\/index.php\/wp-json\/wp\/v2\/posts\/8274\/revisions\/8296"}],"wp:attachment":[{"href":"https:\/\/unitelaique.org\/index.php\/wp-json\/wp\/v2\/media?parent=8274"}],"wp:term":[{"taxonomy":"category","embeddable":true,"href":"https:\/\/unitelaique.org\/index.php\/wp-json\/wp\/v2\/categories?post=8274"},{"taxonomy":"post_tag","embeddable":true,"href":"https:\/\/unitelaique.org\/index.php\/wp-json\/wp\/v2\/tags?post=8274"}],"curies":[{"name":"wp","href":"https:\/\/api.w.org\/{rel}","templated":true}]}}