{"id":8754,"date":"2025-08-18T16:36:34","date_gmt":"2025-08-18T14:36:34","guid":{"rendered":"https:\/\/unitelaique.org\/?p=8754"},"modified":"2025-08-25T16:39:44","modified_gmt":"2025-08-25T14:39:44","slug":"barbie-chez-les-barbus-censure-a-noisy-le-sec","status":"publish","type":"post","link":"https:\/\/unitelaique.org\/index.php\/2025\/08\/18\/barbie-chez-les-barbus-censure-a-noisy-le-sec\/","title":{"rendered":"Barbie chez les barbus, censure \u00e0 Noisy-le-Sec"},"content":{"rendered":"\n<p><strong>Le 8 ao\u00fbt dernier, la municipalit\u00e9 de Noisy-le-Sec avait pr\u00e9vu d&rsquo;organiser dans un quartier prioritaire de la ville, la projection en plein air et sur \u00e9cran g\u00e9ant du film Barbie. Tout s&rsquo;annon\u00e7ait sous les meilleurs auspices. Choisi par les habitants eux-m\u00eames, ce film grand public de 2023 a \u00e9t\u00e9 vu par des millions de spectateurs dans le monde. Sous des dehors primesautiers et dans des couleurs \u00ab\u00a0girly\u00a0\u00bb, le film se veut une satire drolatique de la domination masculine.<\/strong><\/p>\n\n\n\n<p>Succ\u00e8s mondial, pas tout \u00e0 fait, puisque le Kowe\u00eft interdit le film parce qu&rsquo;il va \u00e0 l&rsquo;encontre \u00ab&nbsp;des valeurs de la foi et de la morale&nbsp;\u00bb, que le Liban lui embo\u00eete le pas sous-pr\u00e9texte qu&rsquo;il promouvrait \u00ab&nbsp;l&rsquo;homosexualit\u00e9 et la transformation sexuelle&nbsp;\u00bb et que l&rsquo;Alg\u00e9rie l&rsquo;interdit le d\u00e9clarant \u00ab&nbsp;contraire aux valeurs de la soci\u00e9t\u00e9 alg\u00e9rienne&nbsp;\u00bb&nbsp;.<\/p>\n\n\n\n<!--more-->\n\n\n\n<p>Sans doute, n&rsquo;en fallait-il pas plus pour qu&rsquo;une cohorte de censeurs islamistes locaux, forts de cette onction, menacent la municipalit\u00e9 et exigent l&rsquo;annulation de la projection. Une police des m\u0153urs qui ne dit pas son nom et \u00e0 laquelle le maire PCF, Olivier Sarrabeyrouse, a h\u00e9las c\u00e9d\u00e9. En effet, dans un communiqu\u00e9 o\u00f9 la confusion le dispute \u00e0 la tartufferie, le tout assaisonn\u00e9 \u00e0 la sauce de l&rsquo;\u00e9criture inclusive quitte \u00e0 lasser le lecteur le mieux dispos\u00e9, le maire annonce la d\u00e9programmation du film. Il d\u00e9plore \u00ab&nbsp;qu&rsquo;un petit groupe du quartier&nbsp;\u00bb ait menac\u00e9 de violences les agents publics avan\u00e7ant \u00ab&nbsp;des arguments fallacieux, traduisant l\u2019obscurantisme et le fondamentalisme instrumentalis\u00e9s \u00e0 des fins politiques&nbsp;\u00bb.<\/p>\n\n\n\n<p>Devant l&rsquo;\u00e9moi suscit\u00e9 par ce coup de force et cette reculade, apr\u00e8s la plainte d\u00e9pos\u00e9e par la ministre de la culture, Rachida Dati et apr\u00e8s que le pr\u00e9fet de police de Paris, Laurent Nu\u00f1ez, eut&nbsp;annonc\u00e9 sur X qu\u2019il allait saisir la justice, le maire a finalement port\u00e9 plainte contre X pour \u00ab&nbsp;menace, violence ou acte d\u2019intimidation&nbsp;\u00bb.<\/p>\n\n\n\n<p>Des individus incrimin\u00e9s, nous n&rsquo;en saurons pas plus, d&rsquo;autant que lors d&rsquo;une conf\u00e9rence de presse, le maire affirme condamner \u00ab&nbsp;avec encore plus de fermet\u00e9 la r\u00e9cup\u00e9ration politicienne [\u2026] et la haine raciste islamophobe [d\u00e9vers\u00e9e] par la droite et l\u2019extr\u00eame droite&nbsp;\u00bb.<\/p>\n\n\n\n<p>S&rsquo;il ne s&rsquo;agissait d&rsquo;une affaire mettant en cause la cr\u00e9dibilit\u00e9 de nos institutions la\u00efques et les \u00ab&nbsp;fondements de notre R\u00e9publique&nbsp;\u00bb selon les termes de Laurent Nu\u00f1ez, nous pourrions qualifier de loufoque cette inversion des faits. La proximit\u00e9 des \u00e9lections municipales ne justifie aucune pusillanimit\u00e9 et accommodement avec les libert\u00e9s de conscience et d&rsquo;expression.<\/p>\n\n\n\n<p>Unit\u00e9 la\u00efque, d\u00e9nonce avec vigueur toute tentative d&rsquo;imposer par la violence, l&rsquo;intimidation, une vision islamiste, religieuse, \u00e9triqu\u00e9e et obscurantiste de toute initiative culturelle et populaire qui d\u00e9pla\u00eet aux barbus r\u00e9trogrades.<\/p>\n\n\n\n<p><strong><a href=\"https:\/\/unitelaique.org\/wp-content\/uploads\/2025\/08\/20250816-Noisy-le-sec.pdf\" data-type=\"link\" data-id=\"https:\/\/unitelaique.org\/wp-content\/uploads\/2025\/08\/20250816-Noisy-le-sec.pdf\">T\u00e9l\u00e9chargez le communiqu\u00e9 en PDF<\/a><\/strong><\/p>\n","protected":false},"excerpt":{"rendered":"<p>Le 8 ao\u00fbt dernier, la municipalit\u00e9 de Noisy-le-Sec avait pr\u00e9vu d&rsquo;organiser dans un quartier prioritaire de la ville, la projection en plein air et sur \u00e9cran g\u00e9ant du film Barbie. Tout s&rsquo;annon\u00e7ait sous les meilleurs auspices. Choisi par les habitants eux-m\u00eames, ce film grand public de 2023 a \u00e9t\u00e9 vu par des millions de spectateurs [&hellip;]<\/p>\n","protected":false},"author":7,"featured_media":0,"comment_status":"closed","ping_status":"","sticky":false,"template":"","format":"standard","meta":{"footnotes":""},"categories":[4],"tags":[],"class_list":["post-8754","post","type-post","status-publish","format-standard","hentry","category-communiques"],"_links":{"self":[{"href":"https:\/\/unitelaique.org\/index.php\/wp-json\/wp\/v2\/posts\/8754","targetHints":{"allow":["GET"]}}],"collection":[{"href":"https:\/\/unitelaique.org\/index.php\/wp-json\/wp\/v2\/posts"}],"about":[{"href":"https:\/\/unitelaique.org\/index.php\/wp-json\/wp\/v2\/types\/post"}],"author":[{"embeddable":true,"href":"https:\/\/unitelaique.org\/index.php\/wp-json\/wp\/v2\/users\/7"}],"replies":[{"embeddable":true,"href":"https:\/\/unitelaique.org\/index.php\/wp-json\/wp\/v2\/comments?post=8754"}],"version-history":[{"count":2,"href":"https:\/\/unitelaique.org\/index.php\/wp-json\/wp\/v2\/posts\/8754\/revisions"}],"predecessor-version":[{"id":8757,"href":"https:\/\/unitelaique.org\/index.php\/wp-json\/wp\/v2\/posts\/8754\/revisions\/8757"}],"wp:attachment":[{"href":"https:\/\/unitelaique.org\/index.php\/wp-json\/wp\/v2\/media?parent=8754"}],"wp:term":[{"taxonomy":"category","embeddable":true,"href":"https:\/\/unitelaique.org\/index.php\/wp-json\/wp\/v2\/categories?post=8754"},{"taxonomy":"post_tag","embeddable":true,"href":"https:\/\/unitelaique.org\/index.php\/wp-json\/wp\/v2\/tags?post=8754"}],"curies":[{"name":"wp","href":"https:\/\/api.w.org\/{rel}","templated":true}]}}