{"id":9117,"date":"2025-10-10T11:12:53","date_gmt":"2025-10-10T09:12:53","guid":{"rendered":"https:\/\/unitelaique.org\/?p=9117"},"modified":"2025-12-29T16:22:31","modified_gmt":"2025-12-29T15:22:31","slug":"un-nouveau-prix-litteraire-pour-defendre-la-laicite-et-les-valeurs-republicaines-le-point","status":"publish","type":"post","link":"https:\/\/unitelaique.org\/index.php\/2025\/10\/10\/un-nouveau-prix-litteraire-pour-defendre-la-laicite-et-les-valeurs-republicaines-le-point\/","title":{"rendered":"Un nouveau prix litt\u00e9raire pour d\u00e9fendre la la\u00efcit\u00e9 et les valeurs r\u00e9publicaines &#8211; Le Point"},"content":{"rendered":"\n<p class=\"has-medium-font-size\">\u00ab\u00a0<strong>Le prix des Hussards noirs, d\u00e9cern\u00e9 le 8 d\u00e9cembre 2025, r\u00e9compensera des \u0153uvres d\u00e9fendant la la\u00efcit\u00e9 et l\u2019universalisme face aux communautarismes.<\/strong><\/p>\n\n\n\n<div class=\"wp-block-columns is-layout-flex wp-container-core-columns-is-layout-9d6595d7 wp-block-columns-is-layout-flex\">\n<div class=\"wp-block-column is-layout-flow wp-block-column-is-layout-flow\" style=\"flex-basis:66.66%\">\n<p>C&rsquo;est un prix qui tombe \u00e0 point nomm\u00e9. Alors que la la\u00efcit\u00e9 est r\u00e9guli\u00e8rement mise \u00e0 l&rsquo;\u00e9preuve et que les d\u00e9bats sur sa d\u00e9finition et son application divisent la soci\u00e9t\u00e9 fran\u00e7aise, l&rsquo;association <a href=\"https:\/\/unitelaique.org\" target=\"_blank\" rel=\"noreferrer noopener\">Unit\u00e9 la\u00efque<\/a> cr\u00e9e le prix des Hussards noirs, qui r\u00e9compensera chaque ann\u00e9e un ouvrage consacr\u00e9 \u00e0 la la\u00efcit\u00e9, \u00e0 la R\u00e9publique ou \u00e0 l&rsquo;universalisme. La premi\u00e8re \u00e9dition sera d\u00e9cern\u00e9e le 8\u00a0d\u00e9cembre 2025, \u00e0 l&rsquo;occasion des 120\u00a0ans de la loi de 1905.<\/p>\n\n\n\n<p>Cette distinction litt\u00e9raire annuelle, en partenariat avec la r\u00e9gion \u00cele de France,&nbsp;r\u00e9compensera un ouvrage traitant de la la\u00efcit\u00e9, de la R\u00e9publique, de l&rsquo;universalisme ou de la philosophie des Lumi\u00e8res. Le nom n&rsquo;est pas anodin. Les \u00ab&nbsp;hussards noirs&nbsp;\u00bb d\u00e9signaient <a href=\"https:\/\/www.lepoint.fr\/societe\/les-hussards-noirs-valeureux-serviteurs-de-la-laicite-a-l-ecole-23-10-2020-2397705_23.php\">ces instituteurs de la III<sup>e<\/sup>&nbsp;R\u00e9publique<\/a> qui, v\u00eatus de noir, ont port\u00e9 dans les campagnes les valeurs r\u00e9publicaines et l&rsquo;instruction la\u00efque. Un symbole fort pour un prix qui entend d\u00e9fendre l&rsquo;\u00e9cole publique comme creuset de la citoyennet\u00e9 la\u00efque et r\u00e9publicaine.<\/p>\n\n\n\n<h2 class=\"wp-block-heading has-medium-font-size\">Une s\u00e9lection riche<\/h2>\n\n\n\n<p>Le jury, pr\u00e9sid\u00e9 par l&rsquo;historien Bruno Fuligni, r\u00e9unit onze journalistes politiques et culturels, parmi lesquels Carine Azzopardi (France T\u00e9l\u00e9visions), Renaud Dely (Arte et France Info), \u00c9tienne Girard (<em>L&rsquo;Express<\/em>), Hadrien Mathoux et \u00c8ve Szeftel (<em>Marianne<\/em>), ou encore les journalistes du <em>Point<\/em> G\u00e9raldine Woessner et Cl\u00e9ment P\u00e9treault.<\/p>\n<\/div>\n\n\n\n<div class=\"wp-block-column is-layout-flow wp-block-column-is-layout-flow\" style=\"flex-basis:33.33%\">\n<figure class=\"wp-block-image size-full\"><img loading=\"lazy\" decoding=\"async\" width=\"769\" height=\"835\" src=\"https:\/\/unitelaique.org\/wp-content\/uploads\/2025\/10\/Capture-decran-2025-10-10-a-11.08.47.png\" alt=\"\" class=\"wp-image-9118\" srcset=\"https:\/\/unitelaique.org\/wp-content\/uploads\/2025\/10\/Capture-decran-2025-10-10-a-11.08.47.png 769w, https:\/\/unitelaique.org\/wp-content\/uploads\/2025\/10\/Capture-decran-2025-10-10-a-11.08.47-276x300.png 276w, https:\/\/unitelaique.org\/wp-content\/uploads\/2025\/10\/Capture-decran-2025-10-10-a-11.08.47-22x24.png 22w, https:\/\/unitelaique.org\/wp-content\/uploads\/2025\/10\/Capture-decran-2025-10-10-a-11.08.47-33x36.png 33w, https:\/\/unitelaique.org\/wp-content\/uploads\/2025\/10\/Capture-decran-2025-10-10-a-11.08.47-44x48.png 44w\" sizes=\"auto, (max-width: 769px) 100vw, 769px\" \/><\/figure>\n<\/div>\n<\/div>\n\n\n\n<!--more-->\n\n\n\n<p>La s\u00e9lection de cette premi\u00e8re \u00e9dition refl\u00e8te la diversit\u00e9 des approches et des genres litt\u00e9raires. Sept ouvrages sont en lice\u00a0: la bande dessin\u00e9e historique d&rsquo;Arnaud Bureau et Alexandre Franc, <em>La\u00efcit\u00e9\u00a0: comment la loi de\u00a01905\u00a0fut vot\u00e9e<\/em> (Delcourt), retrace en\u00a0120\u00a0pages la gen\u00e8se de la loi fondatrice de la s\u00e9paration des \u00c9glises et de l&rsquo;\u00c9tat.\u00a0Deux \u0153uvres rendent hommage \u00e0 Samuel Paty, <a href=\"https:\/\/www.lepoint.fr\/societe\/proces-de-l-assassinat-de-samuel-paty-avant-le-verdict-l-indispensable-rappel-des-faits-20-12-2024-2578437_23.php\">le professeur d&rsquo;histoire-g\u00e9ographie assassin\u00e9 en octobre\u00a02020<\/a>. \u00c9milie Fr\u00e8che lui consacre une pi\u00e8ce de th\u00e9\u00e2tre, <em>Le Professeur<\/em> (Albin-Michel), tandis que Micka\u00eblle Paty, la s\u0153ur de l&rsquo;enseignant, livre avec la m\u00eame \u00c9milie Fr\u00e8che un t\u00e9moignage bouleversant, <em>Le Cours de monsieur Paty<\/em> (Albin Michel).<\/p>\n\n\n\n<p>Delphine Girard, elle aussi, revient sur cet \u00e9v\u00e9nement traumatique dans <em>Madame, vous n&rsquo;avez pas le droit. D\u00e9fendre la la\u00efcit\u00e9 apr\u00e8s le choc Samuel Paty<\/em> (Latt\u00e8s), un essai nourri de son exp\u00e9rience de terrain. Des essais philosophiques et juridiques compl\u00e8tent la s\u00e9lection. Pierre Hayat interroge dans <em>Qu&rsquo;est-il arriv\u00e9 \u00e0 la la\u00efcit\u00e9&nbsp;? Propositions philosophiques et p\u00e9dagogiques<\/em> (Kim\u00e9) les d\u00e9rives contemporaines du principe la\u00efque. Rita Hermon-Belot propose une somme juridique de&nbsp;504&nbsp;pages, <em>La\u00efcit\u00e9 fran\u00e7aise et pluralit\u00e9. Au c\u0153ur des enjeux<\/em> (CNRS \u00c9ditions), pour d\u00e9crypter les tensions actuelles. Enfin, <a href=\"https:\/\/www.lepoint.fr\/politique\/elisabeth-badinter-et-richard-malka-le-retour-de-l-antisemitisme-fut-un-choc-pour-robert-badinter-01-10-2025-2600069_20.php\">Richard Malka<\/a>, l&rsquo;avocat de <em>Charlie Hebdo<\/em>, signe <em>Apr\u00e8s Dieu<\/em> (Stock), un dialogue philosophique sur la place du religieux dans nos soci\u00e9t\u00e9s.<\/p>\n\n\n\n<h2 class=\"wp-block-heading has-medium-font-size\">Soir\u00e9e-\u00e9v\u00e9nement le 8&nbsp;d\u00e9cembre<\/h2>\n\n\n\n<p>Le laur\u00e9at sera d\u00e9voil\u00e9 et r\u00e9compens\u00e9 le 8&nbsp;d\u00e9cembre 2025, date anniversaire de la loi de 1905. La c\u00e9r\u00e9monie sera suivie d&rsquo;une grande soir\u00e9e artistique intitul\u00e9e \u00ab&nbsp;Libert\u00e9, libert\u00e9 ch\u00e9rie&nbsp;\u00bb \u00e0 la mairie du 9e arrondissement de Paris, en pr\u00e9sence de <a href=\"https:\/\/www.lepoint.fr\/politique\/sophia-aram-la-social-democratie-ou-l-histoire-de-la-grenouille-qui-agonise-dans-l-eau-bouillante-01-10-2025-2600070_20.php\">Sophia Aram<\/a>&nbsp;et de plusieurs acteurs de renom. Un salon du livre la\u00efque permettra au public de rencontrer les auteurs s\u00e9lectionn\u00e9s.<\/p>\n\n\n\n<p>Cr\u00e9\u00e9e en\u00a02021\u00a0et pr\u00e9sid\u00e9e par <a href=\"https:\/\/www.lepoint.fr\/politique\/jean-pierre-sakoun-mila-mennel-april-le-breviaire-de-la-haine-23-12-2020-2406940_20.php\">Jean-Pierre Sakoun<\/a>, Unit\u00e9 la\u00efque s&rsquo;est fait conna\u00eetre en portant <a href=\"https:\/\/www.lepoint.fr\/histoire\/manouchian-au-pantheon-la-nostalgie-du-courage-22-02-2024-2553125_1615.php\">l&rsquo;entr\u00e9e de Missak Manouchian au Panth\u00e9on<\/a> et en incitant pr\u00e8s de\u00a0100\u00a0communes \u00e0 honorer la m\u00e9moire de Samuel Paty. Avec ce prix litt\u00e9raire, l&rsquo;association entend donner une nouvelle visibilit\u00e9 aux combats pour la la\u00efcit\u00e9 et l&rsquo;\u00e9mancipation.\u00a0\u00bb<\/p>\n\n\n\n<p class=\"has-text-align-center has-medium-font-size\"><strong><a href=\"https:\/\/www.lepoint.fr\/livres\/un-nouveau-prix-litteraire-pour-defendre-la-laicite-et-les-valeurs-republicaines-05-10-2025-2600263_37.php\" data-type=\"link\" data-id=\"https:\/\/www.lepoint.fr\/livres\/un-nouveau-prix-litteraire-pour-defendre-la-laicite-et-les-valeurs-republicaines-05-10-2025-2600263_37.php\">Article en ligne<\/a><\/strong><\/p>\n","protected":false},"excerpt":{"rendered":"<p>\u00ab\u00a0Le prix des Hussards noirs, d\u00e9cern\u00e9 le 8 d\u00e9cembre 2025, r\u00e9compensera des \u0153uvres d\u00e9fendant la la\u00efcit\u00e9 et l\u2019universalisme face aux communautarismes. C&rsquo;est un prix qui tombe \u00e0 point nomm\u00e9. Alors que la la\u00efcit\u00e9 est r\u00e9guli\u00e8rement mise \u00e0 l&rsquo;\u00e9preuve et que les d\u00e9bats sur sa d\u00e9finition et son application divisent la soci\u00e9t\u00e9 fran\u00e7aise, l&rsquo;association Unit\u00e9 la\u00efque [&hellip;]<\/p>\n","protected":false},"author":7,"featured_media":0,"comment_status":"closed","ping_status":"closed","sticky":false,"template":"","format":"standard","meta":{"footnotes":""},"categories":[20,7,48],"tags":[],"class_list":["post-9117","post","type-post","status-publish","format-standard","hentry","category-actualites-d-unite-laique","category-presseetmedias","category-prix-des-hussards-noirs"],"_links":{"self":[{"href":"https:\/\/unitelaique.org\/index.php\/wp-json\/wp\/v2\/posts\/9117","targetHints":{"allow":["GET"]}}],"collection":[{"href":"https:\/\/unitelaique.org\/index.php\/wp-json\/wp\/v2\/posts"}],"about":[{"href":"https:\/\/unitelaique.org\/index.php\/wp-json\/wp\/v2\/types\/post"}],"author":[{"embeddable":true,"href":"https:\/\/unitelaique.org\/index.php\/wp-json\/wp\/v2\/users\/7"}],"replies":[{"embeddable":true,"href":"https:\/\/unitelaique.org\/index.php\/wp-json\/wp\/v2\/comments?post=9117"}],"version-history":[{"count":11,"href":"https:\/\/unitelaique.org\/index.php\/wp-json\/wp\/v2\/posts\/9117\/revisions"}],"predecessor-version":[{"id":9129,"href":"https:\/\/unitelaique.org\/index.php\/wp-json\/wp\/v2\/posts\/9117\/revisions\/9129"}],"wp:attachment":[{"href":"https:\/\/unitelaique.org\/index.php\/wp-json\/wp\/v2\/media?parent=9117"}],"wp:term":[{"taxonomy":"category","embeddable":true,"href":"https:\/\/unitelaique.org\/index.php\/wp-json\/wp\/v2\/categories?post=9117"},{"taxonomy":"post_tag","embeddable":true,"href":"https:\/\/unitelaique.org\/index.php\/wp-json\/wp\/v2\/tags?post=9117"}],"curies":[{"name":"wp","href":"https:\/\/api.w.org\/{rel}","templated":true}]}}