{"id":9815,"date":"2026-01-28T14:50:12","date_gmt":"2026-01-28T13:50:12","guid":{"rendered":"https:\/\/unitelaique.org\/?p=9815"},"modified":"2026-01-29T17:41:58","modified_gmt":"2026-01-29T16:41:58","slug":"saison-120-ans-demancipation-un-beau-succes-a-valence","status":"publish","type":"post","link":"https:\/\/unitelaique.org\/index.php\/2026\/01\/28\/saison-120-ans-demancipation-un-beau-succes-a-valence\/","title":{"rendered":"Saison 120 ans d\u2019\u00e9mancipation\u00a0: un beau succ\u00e8s \u00e0 Valence\u00a0!"},"content":{"rendered":"\n<div class=\"wp-block-columns is-layout-flex wp-container-core-columns-is-layout-9d6595d7 wp-block-columns-is-layout-flex\">\n<div class=\"wp-block-column is-layout-flow wp-block-column-is-layout-flow\" style=\"flex-basis:66.66%\">\n<p class=\"has-medium-font-size\"><strong>La saison <em>120 ans d\u2019\u00e9mancipation<\/em> propos\u00e9e \u00e0 Valence par Unit\u00e9 la\u00efque pour c\u00e9l\u00e9brer les 120 de la loi de 1905 a \u00e9t\u00e9 un beau succ\u00e8s&nbsp;<\/strong>!<\/p>\n\n\n\n<p>De septembre 2025 \u00e0 janvier 2026,<\/p>\n\n\n\n<ul class=\"wp-block-list\">\n<li>Cinq rencontres (cin\u00e9-d\u00e9bats, op\u00e9ra-d\u00e9bat, conf\u00e9rences), avec 370 participants<\/li>\n\n\n\n<li>Une exposition en acc\u00e8s libre&nbsp;<em>Figures de la la\u00efcit\u00e9<\/em>&nbsp;appr\u00e9ci\u00e9e par plus d&rsquo;un millier de visiteurs pendant les cinq semaines de sa pr\u00e9sentation \u00e0 la m\u00e9diath\u00e8que Fran\u00e7ois-Mitterrand&nbsp;<\/li>\n\n\n\n<li>Une programmation pour les scolaires et les enseignants&nbsp;(cin\u00e9-d\u00e9bats, visites de l\u2019exposition) qui a touch\u00e9 huit classes et 240 \u00e9l\u00e8ves.&nbsp;<\/li>\n<\/ul>\n\n\n\n<p>Unit\u00e9 la\u00efque est \u00e9galement all\u00e9e \u00e0 la rencontre des \u00e9l\u00e8ves de deux lyc\u00e9es pour des conf\u00e9rences sur la la\u00efcit\u00e9, au lyc\u00e9e Camille Vernet \u00e0 Valence et au lyc\u00e9e du Dauphin\u00e9 \u00e0 Romans. Des \u00e9changes riches et passionnants avec 120 lyc\u00e9ens de quatre classes, de la seconde aux classes pr\u00e9paratoires, et leurs professeurs.<\/p>\n\n\n\n<p>Pendant la saison <em>120 ans d\u2019\u00e9mancipation<\/em>, 360 \u00e9l\u00e8ves auront parl\u00e9 de la\u00efcit\u00e9, avec Unit\u00e9 la\u00efque, avec leurs enseignants, entre eux. La meilleure fa\u00e7on de faire vivre la la\u00efcit\u00e9&nbsp;!<\/p>\n\n\n\n<p>Merci \u00e0 la Ville de valence pour son soutien&nbsp;<\/p>\n\n\n\n<p>Merci \u00e0 nos partenaires valentinois (Lux Sc\u00e8ne nationale, M\u00e9diath\u00e8que Fran\u00e7ois-Mitterrand Espace Latour-Maubourg, Les Philophiles) pour la confiance qu\u2019ils nous ont accord\u00e9e&nbsp;<\/p>\n\n\n\n<p>Merci au public, venu nombreux,<\/p>\n\n\n\n<p>Merci aux \u00e9l\u00e8ves et aux professeurs qui ont accompagn\u00e9 leurs classes.<\/p>\n<\/div>\n\n\n\n<div class=\"wp-block-column is-layout-flow wp-block-column-is-layout-flow\" style=\"flex-basis:33.33%\">\n<figure class=\"wp-block-video\"><video height=\"1920\" style=\"aspect-ratio: 1080 \/ 1920;\" width=\"1080\" controls src=\"https:\/\/unitelaique.org\/wp-content\/uploads\/2026\/01\/120-ans-demancipation-2.mp4\"><\/video><\/figure>\n<\/div>\n<\/div>\n\n\n\n<p class=\"has-text-align-center has-large-font-size\"><strong>Exposition \u00ab\u00a0Figures de la la\u00efcit\u00e9<\/strong>\u00ab\u00a0<\/p>\n\n\n\n<div class=\"wp-block-columns is-layout-flex wp-container-core-columns-is-layout-9d6595d7 wp-block-columns-is-layout-flex\">\n<div class=\"wp-block-column is-layout-flow wp-block-column-is-layout-flow\">\n<div class=\"wp-block-columns is-layout-flex wp-container-core-columns-is-layout-9d6595d7 wp-block-columns-is-layout-flex\">\n<div class=\"wp-block-column is-layout-flow wp-block-column-is-layout-flow\">\n<figure class=\"wp-block-image size-large\"><img loading=\"lazy\" decoding=\"async\" width=\"731\" height=\"1024\" src=\"https:\/\/unitelaique.org\/wp-content\/uploads\/2026\/01\/20251118-panneauexpo120ans-1-v1-731x1024.jpg\" alt=\"\" class=\"wp-image-9821\" srcset=\"https:\/\/unitelaique.org\/wp-content\/uploads\/2026\/01\/20251118-panneauexpo120ans-1-v1-731x1024.jpg 731w, https:\/\/unitelaique.org\/wp-content\/uploads\/2026\/01\/20251118-panneauexpo120ans-1-v1-214x300.jpg 214w, https:\/\/unitelaique.org\/wp-content\/uploads\/2026\/01\/20251118-panneauexpo120ans-1-v1-768x1075.jpg 768w, https:\/\/unitelaique.org\/wp-content\/uploads\/2026\/01\/20251118-panneauexpo120ans-1-v1-1097x1536.jpg 1097w, https:\/\/unitelaique.org\/wp-content\/uploads\/2026\/01\/20251118-panneauexpo120ans-1-v1-1463x2048.jpg 1463w, https:\/\/unitelaique.org\/wp-content\/uploads\/2026\/01\/20251118-panneauexpo120ans-1-v1-17x24.jpg 17w, https:\/\/unitelaique.org\/wp-content\/uploads\/2026\/01\/20251118-panneauexpo120ans-1-v1-26x36.jpg 26w, https:\/\/unitelaique.org\/wp-content\/uploads\/2026\/01\/20251118-panneauexpo120ans-1-v1-34x48.jpg 34w, https:\/\/unitelaique.org\/wp-content\/uploads\/2026\/01\/20251118-panneauexpo120ans-1-v1-scaled.jpg 1829w\" sizes=\"auto, (max-width: 731px) 100vw, 731px\" \/><\/figure>\n<\/div>\n\n\n\n<div class=\"wp-block-column is-layout-flow wp-block-column-is-layout-flow\">\n<figure class=\"wp-block-image size-large\"><img loading=\"lazy\" decoding=\"async\" width=\"731\" height=\"1024\" src=\"https:\/\/unitelaique.org\/wp-content\/uploads\/2026\/01\/20251118-panneauexpo120ans-1-v12-731x1024.jpg\" alt=\"\" class=\"wp-image-9822\" srcset=\"https:\/\/unitelaique.org\/wp-content\/uploads\/2026\/01\/20251118-panneauexpo120ans-1-v12-731x1024.jpg 731w, https:\/\/unitelaique.org\/wp-content\/uploads\/2026\/01\/20251118-panneauexpo120ans-1-v12-214x300.jpg 214w, https:\/\/unitelaique.org\/wp-content\/uploads\/2026\/01\/20251118-panneauexpo120ans-1-v12-768x1075.jpg 768w, https:\/\/unitelaique.org\/wp-content\/uploads\/2026\/01\/20251118-panneauexpo120ans-1-v12-1097x1536.jpg 1097w, https:\/\/unitelaique.org\/wp-content\/uploads\/2026\/01\/20251118-panneauexpo120ans-1-v12-1463x2048.jpg 1463w, https:\/\/unitelaique.org\/wp-content\/uploads\/2026\/01\/20251118-panneauexpo120ans-1-v12-17x24.jpg 17w, https:\/\/unitelaique.org\/wp-content\/uploads\/2026\/01\/20251118-panneauexpo120ans-1-v12-26x36.jpg 26w, https:\/\/unitelaique.org\/wp-content\/uploads\/2026\/01\/20251118-panneauexpo120ans-1-v12-34x48.jpg 34w, https:\/\/unitelaique.org\/wp-content\/uploads\/2026\/01\/20251118-panneauexpo120ans-1-v12-scaled.jpg 1829w\" sizes=\"auto, (max-width: 731px) 100vw, 731px\" \/><\/figure>\n<\/div>\n<\/div>\n<\/div>\n\n\n\n<div class=\"wp-block-column is-layout-flow wp-block-column-is-layout-flow\">\n<div class=\"wp-block-columns is-layout-flex wp-container-core-columns-is-layout-9d6595d7 wp-block-columns-is-layout-flex\">\n<div class=\"wp-block-column is-layout-flow wp-block-column-is-layout-flow\">\n<figure class=\"wp-block-image size-large\"><img loading=\"lazy\" decoding=\"async\" width=\"731\" height=\"1024\" src=\"https:\/\/unitelaique.org\/wp-content\/uploads\/2026\/01\/20251118-panneauexpo120ans-1-v14-731x1024.jpg\" alt=\"\" class=\"wp-image-9823\" srcset=\"https:\/\/unitelaique.org\/wp-content\/uploads\/2026\/01\/20251118-panneauexpo120ans-1-v14-731x1024.jpg 731w, https:\/\/unitelaique.org\/wp-content\/uploads\/2026\/01\/20251118-panneauexpo120ans-1-v14-214x300.jpg 214w, https:\/\/unitelaique.org\/wp-content\/uploads\/2026\/01\/20251118-panneauexpo120ans-1-v14-768x1075.jpg 768w, https:\/\/unitelaique.org\/wp-content\/uploads\/2026\/01\/20251118-panneauexpo120ans-1-v14-1097x1536.jpg 1097w, https:\/\/unitelaique.org\/wp-content\/uploads\/2026\/01\/20251118-panneauexpo120ans-1-v14-1463x2048.jpg 1463w, https:\/\/unitelaique.org\/wp-content\/uploads\/2026\/01\/20251118-panneauexpo120ans-1-v14-17x24.jpg 17w, https:\/\/unitelaique.org\/wp-content\/uploads\/2026\/01\/20251118-panneauexpo120ans-1-v14-26x36.jpg 26w, https:\/\/unitelaique.org\/wp-content\/uploads\/2026\/01\/20251118-panneauexpo120ans-1-v14-34x48.jpg 34w, https:\/\/unitelaique.org\/wp-content\/uploads\/2026\/01\/20251118-panneauexpo120ans-1-v14-scaled.jpg 1829w\" sizes=\"auto, (max-width: 731px) 100vw, 731px\" \/><\/figure>\n<\/div>\n\n\n\n<div class=\"wp-block-column is-layout-flow wp-block-column-is-layout-flow\">\n<figure class=\"wp-block-image size-large\"><img loading=\"lazy\" decoding=\"async\" width=\"731\" height=\"1024\" src=\"https:\/\/unitelaique.org\/wp-content\/uploads\/2026\/01\/20251118-panneauexpo120ans-1-v16-731x1024.jpg\" alt=\"\" class=\"wp-image-9824\" srcset=\"https:\/\/unitelaique.org\/wp-content\/uploads\/2026\/01\/20251118-panneauexpo120ans-1-v16-731x1024.jpg 731w, https:\/\/unitelaique.org\/wp-content\/uploads\/2026\/01\/20251118-panneauexpo120ans-1-v16-214x300.jpg 214w, https:\/\/unitelaique.org\/wp-content\/uploads\/2026\/01\/20251118-panneauexpo120ans-1-v16-768x1075.jpg 768w, https:\/\/unitelaique.org\/wp-content\/uploads\/2026\/01\/20251118-panneauexpo120ans-1-v16-1097x1536.jpg 1097w, https:\/\/unitelaique.org\/wp-content\/uploads\/2026\/01\/20251118-panneauexpo120ans-1-v16-1463x2048.jpg 1463w, https:\/\/unitelaique.org\/wp-content\/uploads\/2026\/01\/20251118-panneauexpo120ans-1-v16-17x24.jpg 17w, https:\/\/unitelaique.org\/wp-content\/uploads\/2026\/01\/20251118-panneauexpo120ans-1-v16-26x36.jpg 26w, https:\/\/unitelaique.org\/wp-content\/uploads\/2026\/01\/20251118-panneauexpo120ans-1-v16-34x48.jpg 34w, https:\/\/unitelaique.org\/wp-content\/uploads\/2026\/01\/20251118-panneauexpo120ans-1-v16-scaled.jpg 1829w\" sizes=\"auto, (max-width: 731px) 100vw, 731px\" \/><\/figure>\n<\/div>\n<\/div>\n<\/div>\n<\/div>\n\n\n\n<p class=\"has-text-align-center has-medium-font-size\"><strong><a href=\"https:\/\/unitelaique.org\/wp-content\/uploads\/2026\/01\/Figures-de-la-laicite.pdf\" data-type=\"link\" data-id=\"https:\/\/unitelaique.org\/wp-content\/uploads\/2026\/01\/Figures-de-la-laicite.pdf\">T\u00e9l\u00e9chargez les panneaux de l&rsquo;exposition en PDF<\/a><\/strong><\/p>\n","protected":false},"excerpt":{"rendered":"<p>La saison 120 ans d\u2019\u00e9mancipation propos\u00e9e \u00e0 Valence par Unit\u00e9 la\u00efque pour c\u00e9l\u00e9brer les 120 de la loi de 1905 a \u00e9t\u00e9 un beau succ\u00e8s&nbsp;! De septembre 2025 \u00e0 janvier 2026, Unit\u00e9 la\u00efque est \u00e9galement all\u00e9e \u00e0 la rencontre des \u00e9l\u00e8ves de deux lyc\u00e9es pour des conf\u00e9rences sur la la\u00efcit\u00e9, au lyc\u00e9e Camille Vernet \u00e0 [&hellip;]<\/p>\n","protected":false},"author":7,"featured_media":0,"comment_status":"closed","ping_status":"","sticky":false,"template":"","format":"standard","meta":{"footnotes":""},"categories":[46,20],"tags":[],"class_list":["post-9815","post","type-post","status-publish","format-standard","hentry","category-120-ans-demancipation-valence","category-actualites-d-unite-laique"],"_links":{"self":[{"href":"https:\/\/unitelaique.org\/index.php\/wp-json\/wp\/v2\/posts\/9815","targetHints":{"allow":["GET"]}}],"collection":[{"href":"https:\/\/unitelaique.org\/index.php\/wp-json\/wp\/v2\/posts"}],"about":[{"href":"https:\/\/unitelaique.org\/index.php\/wp-json\/wp\/v2\/types\/post"}],"author":[{"embeddable":true,"href":"https:\/\/unitelaique.org\/index.php\/wp-json\/wp\/v2\/users\/7"}],"replies":[{"embeddable":true,"href":"https:\/\/unitelaique.org\/index.php\/wp-json\/wp\/v2\/comments?post=9815"}],"version-history":[{"count":11,"href":"https:\/\/unitelaique.org\/index.php\/wp-json\/wp\/v2\/posts\/9815\/revisions"}],"predecessor-version":[{"id":9838,"href":"https:\/\/unitelaique.org\/index.php\/wp-json\/wp\/v2\/posts\/9815\/revisions\/9838"}],"wp:attachment":[{"href":"https:\/\/unitelaique.org\/index.php\/wp-json\/wp\/v2\/media?parent=9815"}],"wp:term":[{"taxonomy":"category","embeddable":true,"href":"https:\/\/unitelaique.org\/index.php\/wp-json\/wp\/v2\/categories?post=9815"},{"taxonomy":"post_tag","embeddable":true,"href":"https:\/\/unitelaique.org\/index.php\/wp-json\/wp\/v2\/tags?post=9815"}],"curies":[{"name":"wp","href":"https:\/\/api.w.org\/{rel}","templated":true}]}}